{"id":1281,"date":"2023-11-20T23:37:39","date_gmt":"2023-11-20T23:37:39","guid":{"rendered":"https:\/\/katolikusifjusagialapitvany.hu\/?p=1281"},"modified":"2024-02-27T18:25:08","modified_gmt":"2024-02-27T18:25:08","slug":"proba","status":"publish","type":"post","link":"https:\/\/katolikusifjusagialapitvany.hu\/?p=1281","title":{"rendered":"\u00a0A gyermekek jogainak vil\u00e1gnapja"},"content":{"rendered":"\n<p><img loading=\"lazy\" decoding=\"async\" height=\"16\" width=\"16\" src=\"https:\/\/static.xx.fbcdn.net\/images\/emoji.php\/v9\/tb9\/1.5\/16\/1f1ed_1f1fa.png\" alt=\"\ud83c\udded\ud83c\uddfa\">\u00a0A gyermekek jogainak vil\u00e1gnapja<br>\u201dHogy a gyermek gyermekkora boldog legyen\u201d<br>1959. november 20-\u00e1n fogadta el az ENSZ K\u00f6zgy\u0171l\u00e9se a Gyermekek Jogair\u00f3l sz\u00f3l\u00f3 Nyilatkozatot. Az egyezm\u00e9ny kimondja, hogy minden gyermeknek joga van a megfelel\u0151 testi, szellemi \u00e9s erk\u00f6lcsi fejl\u0151d\u00e9s\u00e9hez sz\u00fcks\u00e9ges v\u00e9delemhez \u00e9s gondoskod\u00e1shoz.<\/p>\n\n\n\n<p><br><img loading=\"lazy\" decoding=\"async\" height=\"16\" width=\"16\" src=\"https:\/\/static.xx.fbcdn.net\/images\/emoji.php\/v9\/t2f\/1.5\/16\/1f1ec_1f1e7.png\" alt=\"\ud83c\uddec\ud83c\udde7\">\u00a0World Children&#8217;s Rights Day<br>&#8222;So that the child&#8217;s childhood should be happy&#8221;<br>On 20th of November, 1959, the UN General Assembly adopted the Declaration on the Rights of the Child. The Convention states that all children have the right to the protection and care necessary for their proper physical, mental and moral development.\u00a0<\/p>\n\n\n\n<p><\/p>\n\n\n\n<figure class=\"wp-block-image size-large\"><img loading=\"lazy\" decoding=\"async\" width=\"768\" height=\"1024\" src=\"https:\/\/katolikusifjusagialapitvany.hu\/wp-content\/uploads\/2024\/02\/369788886_122103770864119364_7401117703977260447_n-768x1024.jpg\" alt=\"\" class=\"wp-image-1691\" srcset=\"https:\/\/katolikusifjusagialapitvany.hu\/wp-content\/uploads\/2024\/02\/369788886_122103770864119364_7401117703977260447_n-768x1024.jpg 768w, https:\/\/katolikusifjusagialapitvany.hu\/wp-content\/uploads\/2024\/02\/369788886_122103770864119364_7401117703977260447_n-225x300.jpg 225w, https:\/\/katolikusifjusagialapitvany.hu\/wp-content\/uploads\/2024\/02\/369788886_122103770864119364_7401117703977260447_n-1152x1536.jpg 1152w, https:\/\/katolikusifjusagialapitvany.hu\/wp-content\/uploads\/2024\/02\/369788886_122103770864119364_7401117703977260447_n-1024x1365.jpg 1024w, https:\/\/katolikusifjusagialapitvany.hu\/wp-content\/uploads\/2024\/02\/369788886_122103770864119364_7401117703977260447_n.jpg 1536w\" sizes=\"auto, (max-width: 768px) 100vw, 768px\" \/><\/figure>\n","protected":false},"excerpt":{"rendered":"<p>\u00a0A gyermekek jogainak vil\u00e1gnapja\u201dHogy a gyermek gyermekkora boldog legyen\u201d1959. november<\/p>\n","protected":false},"author":1,"featured_media":1691,"comment_status":"open","ping_status":"open","sticky":false,"template":"","format":"standard","meta":{"footnotes":""},"categories":[43,1],"tags":[],"class_list":["post-1281","post","type-post","status-publish","format-standard","has-post-thumbnail","hentry","category-gyerekek","category-uncategorized"],"_links":{"self":[{"href":"https:\/\/katolikusifjusagialapitvany.hu\/index.php?rest_route=\/wp\/v2\/posts\/1281","targetHints":{"allow":["GET"]}}],"collection":[{"href":"https:\/\/katolikusifjusagialapitvany.hu\/index.php?rest_route=\/wp\/v2\/posts"}],"about":[{"href":"https:\/\/katolikusifjusagialapitvany.hu\/index.php?rest_route=\/wp\/v2\/types\/post"}],"author":[{"embeddable":true,"href":"https:\/\/katolikusifjusagialapitvany.hu\/index.php?rest_route=\/wp\/v2\/users\/1"}],"replies":[{"embeddable":true,"href":"https:\/\/katolikusifjusagialapitvany.hu\/index.php?rest_route=%2Fwp%2Fv2%2Fcomments&post=1281"}],"version-history":[{"count":2,"href":"https:\/\/katolikusifjusagialapitvany.hu\/index.php?rest_route=\/wp\/v2\/posts\/1281\/revisions"}],"predecessor-version":[{"id":1693,"href":"https:\/\/katolikusifjusagialapitvany.hu\/index.php?rest_route=\/wp\/v2\/posts\/1281\/revisions\/1693"}],"wp:featuredmedia":[{"embeddable":true,"href":"https:\/\/katolikusifjusagialapitvany.hu\/index.php?rest_route=\/wp\/v2\/media\/1691"}],"wp:attachment":[{"href":"https:\/\/katolikusifjusagialapitvany.hu\/index.php?rest_route=%2Fwp%2Fv2%2Fmedia&parent=1281"}],"wp:term":[{"taxonomy":"category","embeddable":true,"href":"https:\/\/katolikusifjusagialapitvany.hu\/index.php?rest_route=%2Fwp%2Fv2%2Fcategories&post=1281"},{"taxonomy":"post_tag","embeddable":true,"href":"https:\/\/katolikusifjusagialapitvany.hu\/index.php?rest_route=%2Fwp%2Fv2%2Ftags&post=1281"}],"curies":[{"name":"wp","href":"https:\/\/api.w.org\/{rel}","templated":true}]}}