{"id":1706,"date":"2023-11-25T18:22:00","date_gmt":"2023-11-25T18:22:00","guid":{"rendered":"https:\/\/katolikusifjusagialapitvany.hu\/?p=1706"},"modified":"2024-02-27T18:24:02","modified_gmt":"2024-02-27T18:24:02","slug":"a-nok-elleni-eroszak-megszuntetesenek-vilagnapja","status":"publish","type":"post","link":"https:\/\/katolikusifjusagialapitvany.hu\/?p=1706","title":{"rendered":"A n\u0151k elleni er\u0151szak megsz\u00fcntet\u00e9s\u00e9nek vil\u00e1gnapja"},"content":{"rendered":"\n<p class=\"has-white-background-color has-background\">Az Egyes\u00fclt Nemzetek Sz\u00f6vets\u00e9ge (ENSZ) 1993-ban elfogadott N\u0151k elleni er\u0151szak megsz\u00fcntet\u00e9s\u00e9r\u0151l sz\u00f3l\u00f3 (48\/104.) nyilatkozat\u00e1ban megfogalmazott defin\u00edci\u00f3 alapj\u00e1n &#8222;A n\u0151k elleni er\u0151szak b\u00e1rmely olyan, a n\u0151ket nem\u00fck miatt \u00e9r\u0151 er\u0151szakos cselekm\u00e9ny, mely testi, szexu\u00e1lis vagy lelki s\u00e9r\u00fcl\u00e9st, k\u00e1rt vagy s\u00e9relmet okoz vagy okozhat n\u0151knek, bele\u00e9rtve az effajta tettekkel val\u00f3 fenyeget\u00e9st, valamint a k\u00e9nyszer\u00edt\u00e9st \u00e9s a szabads\u00e1gt\u00f3l val\u00f3 \u00f6nk\u00e9nyes megfoszt\u00e1st, t\u00f6rt\u00e9njen az a k\u00f6z\u00e9letben vagy <a><\/a>a mag\u00e1nszf\u00e9r\u00e1ban.&#8221; A nyilatkozat a csal\u00e1don bel\u00fcli (k\u00f6zte a tettleges, lelki \u00e9s szexu\u00e1lis), illetve azon k\u00edv\u00fcli er\u0151szakot \u00e9s b\u00e1ntalmaz\u00e1st is e kateg\u00f3ri\u00e1ba sorolja. A n\u0151k elleni er\u0151szakos cselekm\u00e9nyek megel\u0151z\u00e9se \u00e9rdek\u00e9ben k\u00f6telezi tov\u00e1bb\u00e1 a r\u00e9szes \u00e1llamokat igazgat\u00e1si, polg\u00e1ri- \u00e9s b\u00fcntet\u0151jogi szankci\u00f3k megalkot\u00e1s\u00e1ra. Az ENSZ 2010-ben a r\u00e9szes \u00e1llamok sz\u00e1m\u00e1ra jogalkot\u00e1si k\u00e9zik\u00f6nyvet adott ki a n\u0151k elleni er\u0151szak felsz\u00e1mol\u00e1sa \u00e9rdek\u00e9ben, melyben jogalkot\u00e1si \u00e9s elj\u00e1r\u00e1si aj\u00e1nl\u00e1sokat fogalmazott meg.<\/p>\n\n\n\n<p class=\"has-luminous-vivid-amber-background-color has-background\">A n\u0151k elleni er\u0151szak fajt\u00e1i:<\/p>\n\n\n\n<p>N\u0151k elleni er\u0151szaknak nevez\u00fcnk minden olyan er\u0151szakot, amely a szem\u00e9ly nemi hovatartoz\u00e1sa miatt t\u00f6rt\u00e9nhet \u00e9s t\u00f6rt\u00e9nik meg valakivel. Az al\u00e1bbiakban partnerkapcsolati er\u0151szak legjellegzetesebb p\u00e9ld\u00e1it soroljuk fel.<\/p>\n\n\n\n<p>Sz\u00f3beli (verb\u00e1lis) er\u0151szak<\/p>\n\n\n\n<p>A n\u0151 lekicsinyl\u00e9se, s\u00e9rteget\u00e9se, g\u00fanyol\u00f3d\u00e1s, nevets\u00e9gess\u00e9 tev\u00e9s (p\u00e9ld\u00e1ul a n\u0151 k\u00fclseje, vall\u00e1sa vagy faji hovatartoz\u00e1sa miatt), b\u00e1ntalmaz\u00e1ssal, ver\u00e9ssel val\u00f3 fenyeget\u00e9s, gyerekek elv\u00e9tel\u00e9vel, \u00f6ngyilkoss\u00e1ggal val\u00f3 fenyeget\u00e9s<\/p>\n\n\n\n<p>Lelki er\u0151szak<\/p>\n\n\n\n<p>Alapvet\u0151 \u00e9rzelmi ig\u00e9nyek \u00e9s sz\u00fcks\u00e9gletek megtagad\u00e1sa, bar\u00e1tokt\u00f3l, munk\u00e1t\u00f3l, csal\u00e1dt\u00f3l, kedvenc foglalatoss\u00e1gokt\u00f3l val\u00f3 elszigetel\u00e9s vagy eltilt\u00e1s, f\u00e9lt\u00e9kenys\u00e9g, n\u0151 \u00f6nbizalm\u00e1nak m\u00f3dszeres lerombol\u00e1sa, elz\u00e1rk\u00f3z\u00e1s a probl\u00e9m\u00e1k k\u00f6z\u00f6s megbesz\u00e9l\u00e9s\u00e9t\u0151l, n\u0151 \u00e1lland\u00f3 hib\u00e1ztat\u00e1sa, \u00e9rt\u00e9kt\u00e1rgyainak \u00f6sszet\u00f6r\u00e9se, t\u00e1rgyak \u00f6sszet\u00f6r\u00e9se\/dob\u00e1l\u00e1sa\/csapkod\u00e1sa, fegyverrel val\u00f3 fenyeget\u0151z\u00e9s, f\u00e9lelmet kelt\u0151 viselked\u00e9s (d\u00fch\u00f6dt n\u00e9z\u00e9s, \u00fcv\u00f6lt\u00e9s), t\u00e1mad\u00f3 faggat\u00f3z\u00e1s, \u00e9letvesz\u00e9lyes\/ijeszt\u0151 aut\u00f3vezet\u00e9s, telefon \u00e9s egy\u00e9b kommunik\u00e1ci\u00f3s csatorn\u00e1k lez\u00e1r\u00e1sa, telefonon val\u00f3 \u00e1lland\u00f3 ellen\u0151rz\u00e9s, n\u0151 zsebeinek\/t\u00e1sk\u00e1j\u00e1nak \u00e1tkutat\u00e1sa<\/p>\n\n\n\n<p>Testi (fizikai) er\u0151szak<\/p>\n\n\n\n<p>L\u00f6kd\u00f6s\u00e9s, pofoz\u00e1s, fojtogat\u00e1s, haj h\u00faz\u00e1sa\/kit\u00e9p\u00e9se, \u00f6k\u00f6llel\/eszk\u00f6zzel val\u00f3 \u00fct\u00e9s, rugdos\u00e1s, harap\u00e1s, r\u00e1z\u00e1s, \u00e9get\u00e9s, fegyverrel (k\u00e9ssel, l\u0151fegyverrel, neh\u00e9z t\u00e1rgyakkal) val\u00f3 fenyeget\u00e9s vagy b\u00e1nt\u00e1s, alapvet\u0151 testi ig\u00e9nyek \u00e9s sz\u00fcks\u00e9gletek megtagad\u00e1sa (\u00e9heztet\u00e9s, szomjaztat\u00e1s, alv\u00e1smegvon\u00e1s, \u00fcr\u00edtkez\u00e9s kontroll\u00e1l\u00e1sa), bez\u00e1r\u00e1s, kiz\u00e1r\u00e1s, megk\u00f6t\u00f6z\u00e9s \u00e9s mozg\u00e1sszabads\u00e1g korl\u00e1toz\u00e1sa<\/p>\n\n\n\n<p>Szexu\u00e1lis er\u0151szak<\/p>\n\n\n\n<p>Nem k\u00edv\u00e1nt szexu\u00e1lis tev\u00e9kenys\u00e9gre val\u00f3 k\u00e9nyszer\u00edt\u00e9s, nemi er\u0151szak, szexszel val\u00f3 f\u00e1jdalomokoz\u00e1s vagy megal\u00e1z\u00e1s, t\u00e1rggyal val\u00f3 nemi er\u0151szak, intim testr\u00e9szeik b\u00e1ntalmaz\u00e1sa, m\u00e1sokkal val\u00f3 k\u00f6z\u00f6s\u00fcl\u00e9s\/prostit\u00faci\u00f3 k\u00e9nyszer\u00edt\u00e9se, reprodukt\u00edv jogok korl\u00e1toz\u00e1sa: fogamz\u00e1sg\u00e1tl\u00e1s akad\u00e1lyoz\u00e1sa vagy k\u00e9nyszer\u00edt\u00e9se, terhess\u00e9gre vagy abortuszra k\u00e9nyszer\u00edt\u00e9s<\/p>\n\n\n\n<p>Gazdas\u00e1gi er\u0151szak<\/p>\n\n\n\n<p>Anyagi f\u00fcgg\u00e9sben tart\u00e1s, munk\u00e1r\u00f3l val\u00f3 lebesz\u00e9l\u00e9s vagy eltilt\u00e1s, n\u0151 fizet\u00e9s\u00e9nek elv\u00e9tele, mindennapi kiad\u00e1sok megk\u00e9rd\u0151jelez\u00e9se \u00e9s fill\u00e9rre val\u00f3 elsz\u00e1moltat\u00e1sa, k\u00f6z\u00f6s n\u00e9ven lev\u0151 c\u00e9ggel (Bt., Kft.) val\u00f3 sakkban tart\u00e1s\/zsarol\u00e1s<\/p>\n\n\n\n<p>(Forr\u00e1s: <a href=\"https:\/\/www.patent.org.hu\/n%C5%91k-elleni-er%C5%91szak?fbclid=IwAR0JLvtFSQrUs0ttBbrMkgkHd9svphU7B8dem5MGxSpztPszXiyUQJ60bps\" rel=\"noreferrer noopener\" target=\"_blank\">https:\/\/www.patent.org.hu\/n%C5%91k-elleni-er%C5%91szak<\/a> )<\/p>\n","protected":false},"excerpt":{"rendered":"<p>Az Egyes\u00fclt Nemzetek Sz\u00f6vets\u00e9ge (ENSZ) 1993-ban elfogadott N\u0151k elleni er\u0151szak<\/p>\n","protected":false},"author":1,"featured_media":1719,"comment_status":"open","ping_status":"open","sticky":false,"template":"","format":"standard","meta":{"footnotes":""},"categories":[48,1],"tags":[47,45,46,44],"class_list":["post-1706","post","type-post","status-publish","format-standard","has-post-thumbnail","hentry","category-mai-vilagnap","category-uncategorized","tag-ensz","tag-eroszak-ellenes","tag-soha-tobbet-eroszak","tag-vilagnap"],"_links":{"self":[{"href":"https:\/\/katolikusifjusagialapitvany.hu\/index.php?rest_route=\/wp\/v2\/posts\/1706","targetHints":{"allow":["GET"]}}],"collection":[{"href":"https:\/\/katolikusifjusagialapitvany.hu\/index.php?rest_route=\/wp\/v2\/posts"}],"about":[{"href":"https:\/\/katolikusifjusagialapitvany.hu\/index.php?rest_route=\/wp\/v2\/types\/post"}],"author":[{"embeddable":true,"href":"https:\/\/katolikusifjusagialapitvany.hu\/index.php?rest_route=\/wp\/v2\/users\/1"}],"replies":[{"embeddable":true,"href":"https:\/\/katolikusifjusagialapitvany.hu\/index.php?rest_route=%2Fwp%2Fv2%2Fcomments&post=1706"}],"version-history":[{"count":1,"href":"https:\/\/katolikusifjusagialapitvany.hu\/index.php?rest_route=\/wp\/v2\/posts\/1706\/revisions"}],"predecessor-version":[{"id":1725,"href":"https:\/\/katolikusifjusagialapitvany.hu\/index.php?rest_route=\/wp\/v2\/posts\/1706\/revisions\/1725"}],"wp:featuredmedia":[{"embeddable":true,"href":"https:\/\/katolikusifjusagialapitvany.hu\/index.php?rest_route=\/wp\/v2\/media\/1719"}],"wp:attachment":[{"href":"https:\/\/katolikusifjusagialapitvany.hu\/index.php?rest_route=%2Fwp%2Fv2%2Fmedia&parent=1706"}],"wp:term":[{"taxonomy":"category","embeddable":true,"href":"https:\/\/katolikusifjusagialapitvany.hu\/index.php?rest_route=%2Fwp%2Fv2%2Fcategories&post=1706"},{"taxonomy":"post_tag","embeddable":true,"href":"https:\/\/katolikusifjusagialapitvany.hu\/index.php?rest_route=%2Fwp%2Fv2%2Ftags&post=1706"}],"curies":[{"name":"wp","href":"https:\/\/api.w.org\/{rel}","templated":true}]}}