{"id":1761,"date":"2024-01-01T15:43:00","date_gmt":"2024-01-01T15:43:00","guid":{"rendered":"https:\/\/katolikusifjusagialapitvany.hu\/?p=1761"},"modified":"2024-02-28T15:43:49","modified_gmt":"2024-02-28T15:43:49","slug":"1761","status":"publish","type":"post","link":"https:\/\/katolikusifjusagialapitvany.hu\/?p=1761","title":{"rendered":""},"content":{"rendered":"\n<p class=\"has-luminous-vivid-amber-background-color has-background has-medium-font-size\">A B\u00c9KE VIL\u00c1GNAPJ\u00c1t VI. P\u00e1l p\u00e1pa kezdem\u00e9nyez\u00e9s\u00e9re \u00fcnnepelj\u00fck minden \u00e9v els\u0151 napj\u00e1n 1968 \u00f3ta. Ez a nap arra figyelmeztet, hogy az el\u0151tt\u00fcnk \u00e1ll\u00f3 \u00faj \u00e9vben t\u00f6rekedj\u00fcnk arra, hogy b\u00e9k\u00e9ben \u00e9lj\u00fcnk \u00f6nmagunkkal, minden emberrel \u00e9s mindennel az eg\u00e9sz vil\u00e1gon.<\/p>\n","protected":false},"excerpt":{"rendered":"<p>A B\u00c9KE VIL\u00c1GNAPJ\u00c1t VI. P\u00e1l p\u00e1pa kezdem\u00e9nyez\u00e9s\u00e9re \u00fcnnepelj\u00fck minden \u00e9v<\/p>\n","protected":false},"author":1,"featured_media":1716,"comment_status":"open","ping_status":"open","sticky":false,"template":"","format":"standard","meta":{"footnotes":""},"categories":[48],"tags":[58,44],"class_list":["post-1761","post","type-post","status-publish","format-standard","has-post-thumbnail","hentry","category-mai-vilagnap","tag-beke","tag-vilagnap"],"_links":{"self":[{"href":"https:\/\/katolikusifjusagialapitvany.hu\/index.php?rest_route=\/wp\/v2\/posts\/1761","targetHints":{"allow":["GET"]}}],"collection":[{"href":"https:\/\/katolikusifjusagialapitvany.hu\/index.php?rest_route=\/wp\/v2\/posts"}],"about":[{"href":"https:\/\/katolikusifjusagialapitvany.hu\/index.php?rest_route=\/wp\/v2\/types\/post"}],"author":[{"embeddable":true,"href":"https:\/\/katolikusifjusagialapitvany.hu\/index.php?rest_route=\/wp\/v2\/users\/1"}],"replies":[{"embeddable":true,"href":"https:\/\/katolikusifjusagialapitvany.hu\/index.php?rest_route=%2Fwp%2Fv2%2Fcomments&post=1761"}],"version-history":[{"count":2,"href":"https:\/\/katolikusifjusagialapitvany.hu\/index.php?rest_route=\/wp\/v2\/posts\/1761\/revisions"}],"predecessor-version":[{"id":1763,"href":"https:\/\/katolikusifjusagialapitvany.hu\/index.php?rest_route=\/wp\/v2\/posts\/1761\/revisions\/1763"}],"wp:featuredmedia":[{"embeddable":true,"href":"https:\/\/katolikusifjusagialapitvany.hu\/index.php?rest_route=\/wp\/v2\/media\/1716"}],"wp:attachment":[{"href":"https:\/\/katolikusifjusagialapitvany.hu\/index.php?rest_route=%2Fwp%2Fv2%2Fmedia&parent=1761"}],"wp:term":[{"taxonomy":"category","embeddable":true,"href":"https:\/\/katolikusifjusagialapitvany.hu\/index.php?rest_route=%2Fwp%2Fv2%2Fcategories&post=1761"},{"taxonomy":"post_tag","embeddable":true,"href":"https:\/\/katolikusifjusagialapitvany.hu\/index.php?rest_route=%2Fwp%2Fv2%2Ftags&post=1761"}],"curies":[{"name":"wp","href":"https:\/\/api.w.org\/{rel}","templated":true}]}}