{"id":1764,"date":"2024-01-09T15:46:00","date_gmt":"2024-01-09T15:46:00","guid":{"rendered":"https:\/\/katolikusifjusagialapitvany.hu\/?p=1764"},"modified":"2024-02-28T15:47:09","modified_gmt":"2024-02-28T15:47:09","slug":"szegedi-dom-latogatokozpont","status":"publish","type":"post","link":"https:\/\/katolikusifjusagialapitvany.hu\/?p=1764","title":{"rendered":"Szegedi D\u00f3m L\u00e1togat\u00f3k\u00f6zpont"},"content":{"rendered":"\n<p>Nagy \u00f6r\u00f6mmel aj\u00e1nljuk a kedves L\u00e1togat\u00f3k figyelm\u00e9be, hogy a D\u00f3m nyugati tornya ism\u00e9t l\u00e1togathat\u00f3.<\/p>\n\n\n\n<p>A 302 l\u00e9pcs\u0151n megk\u00f6zel\u00edthet\u0151 kil\u00e1t\u00f3szint 46 m\u00e9ter magass\u00e1gb\u00f3l <a><\/a>teszi lehet\u0151v\u00e9 Szeged csod\u00e1latos l\u00e1tk\u00e9p\u00e9nek megtekint\u00e9s\u00e9t.<\/p>\n\n\n\n<p>A toronyban h\u00e1rom pihen\u0151szint is kialak\u00edt\u00e1sra ker\u00fclt, melyeken a l\u00e1togat\u00f3 a templom \u00e9s az egyh\u00e1zmegye t\u00f6rt\u00e9net\u00e9vel ismerkedhet meg kisfilmek \u00e9s inform\u00e1ci\u00f3s pultok seg\u00edts\u00e9g\u00e9vel.<\/p>\n\n\n\n<p>A torony\u00f3r\u00e1k felett, a h\u00e1rmas \u00e1rk\u00e1dsorok m\u00f6g\u00f6tt tal\u00e1ljuk a harangh\u00e1zakat. A k\u00e9t toronyban \u00f6sszesen \u00f6t harang tal\u00e1lhat\u00f3. A Tisza fel\u0151li toronyban l\u00e9v\u0151 Szent Gell\u00e9rt, vagy H\u0151s\u00f6k harangja 85,4 m\u00e1zs\u00e1nyi s\u00faly\u00e1val az orsz\u00e1gban a m\u00e1sodik legnagyobb harang. A v\u00e1ros fel\u0151li torony l\u00e1togat\u00e1sa sor\u00e1n Szeged csod\u00e1latos panor\u00e1m\u00e1j\u00e1nak megtekint\u00e9se mellett k\u00fcl\u00f6nleges l\u00e1tv\u00e1nyt ny\u00fajt a torony n\u00e9gy harangja.<\/p>\n\n\n\n<p>V\u00e1rjuk \u00d6n\u00f6ket szeretettel!<\/p>\n","protected":false},"excerpt":{"rendered":"<p>Nagy \u00f6r\u00f6mmel aj\u00e1nljuk a kedves L\u00e1togat\u00f3k figyelm\u00e9be, hogy a D\u00f3m<\/p>\n","protected":false},"author":1,"featured_media":1765,"comment_status":"open","ping_status":"open","sticky":false,"template":"","format":"standard","meta":{"footnotes":""},"categories":[1],"tags":[60,59,36,34,61],"class_list":["post-1764","post","type-post","status-publish","format-standard","has-post-thumbnail","hentry","category-uncategorized","tag-dom","tag-fogadalmi-templom","tag-program","tag-szeged","tag-vvarosnezes"],"_links":{"self":[{"href":"https:\/\/katolikusifjusagialapitvany.hu\/index.php?rest_route=\/wp\/v2\/posts\/1764","targetHints":{"allow":["GET"]}}],"collection":[{"href":"https:\/\/katolikusifjusagialapitvany.hu\/index.php?rest_route=\/wp\/v2\/posts"}],"about":[{"href":"https:\/\/katolikusifjusagialapitvany.hu\/index.php?rest_route=\/wp\/v2\/types\/post"}],"author":[{"embeddable":true,"href":"https:\/\/katolikusifjusagialapitvany.hu\/index.php?rest_route=\/wp\/v2\/users\/1"}],"replies":[{"embeddable":true,"href":"https:\/\/katolikusifjusagialapitvany.hu\/index.php?rest_route=%2Fwp%2Fv2%2Fcomments&post=1764"}],"version-history":[{"count":1,"href":"https:\/\/katolikusifjusagialapitvany.hu\/index.php?rest_route=\/wp\/v2\/posts\/1764\/revisions"}],"predecessor-version":[{"id":1766,"href":"https:\/\/katolikusifjusagialapitvany.hu\/index.php?rest_route=\/wp\/v2\/posts\/1764\/revisions\/1766"}],"wp:featuredmedia":[{"embeddable":true,"href":"https:\/\/katolikusifjusagialapitvany.hu\/index.php?rest_route=\/wp\/v2\/media\/1765"}],"wp:attachment":[{"href":"https:\/\/katolikusifjusagialapitvany.hu\/index.php?rest_route=%2Fwp%2Fv2%2Fmedia&parent=1764"}],"wp:term":[{"taxonomy":"category","embeddable":true,"href":"https:\/\/katolikusifjusagialapitvany.hu\/index.php?rest_route=%2Fwp%2Fv2%2Fcategories&post=1764"},{"taxonomy":"post_tag","embeddable":true,"href":"https:\/\/katolikusifjusagialapitvany.hu\/index.php?rest_route=%2Fwp%2Fv2%2Ftags&post=1764"}],"curies":[{"name":"wp","href":"https:\/\/api.w.org\/{rel}","templated":true}]}}