{"id":1769,"date":"2024-01-22T15:57:48","date_gmt":"2024-01-22T15:57:48","guid":{"rendered":"https:\/\/katolikusifjusagialapitvany.hu\/?p=1769"},"modified":"2024-02-28T16:26:12","modified_gmt":"2024-02-28T16:26:12","slug":"a-magyar-kultura-napja","status":"publish","type":"post","link":"https:\/\/katolikusifjusagialapitvany.hu\/?p=1769","title":{"rendered":"A magyar kult\u00fara napja"},"content":{"rendered":"\n<p class=\"has-white-color has-vivid-red-background-color has-text-color has-background has-link-color wp-elements-af025b56c29c07bde0627a1ddfc36167\"><img loading=\"lazy\" decoding=\"async\" height=\"16\" width=\"16\" src=\"https:\/\/static.xx.fbcdn.net\/images\/emoji.php\/v9\/tb9\/1.5\/16\/1f1ed_1f1fa.png\" alt=\"\ud83c\udded\ud83c\uddfa\"> K\u00f6lcsey Ferenc 1823-ban ezen a napon jel\u00f6lte meg d\u00e1tummal a Himnusz k\u00e9zirat\u00e1t.<br>A mai nap remek alkalmat ad arra, hogy figyelmet szentelj\u00fcnk \u00e9vezredes hagyom\u00e1nyainknak \u00e9s gy\u00f6kereinknek, t\u00e1rgyi \u00e9s szellemi \u00e9rt\u00e9keinknek.<\/p>\n\n\n\n<p class=\"has-white-color has-vivid-red-background-color has-text-color has-background has-link-color wp-elements-df4906744a42da6c24d15006f72ac318\"><img loading=\"lazy\" decoding=\"async\" height=\"16\" width=\"16\" src=\"https:\/\/static.xx.fbcdn.net\/images\/emoji.php\/v9\/t2f\/1.5\/16\/1f1ec_1f1e7.png\" alt=\"\ud83c\uddec\ud83c\udde7\"> Day of Hungarian culture<br>In 1823, Ferenc K\u00f6lcsey dated the script of the Hungarian national Anthem on this day.<br>Today is a great opportunity to pay attention to our two thousand-year-old traditions and roots, material and spiritual values.<\/p>\n","protected":false},"excerpt":{"rendered":"<p>K\u00f6lcsey Ferenc 1823-ban ezen a napon jel\u00f6lte meg d\u00e1tummal a<\/p>\n","protected":false},"author":1,"featured_media":1710,"comment_status":"open","ping_status":"open","sticky":false,"template":"","format":"standard","meta":{"footnotes":""},"categories":[48],"tags":[62,63,44],"class_list":["post-1769","post","type-post","status-publish","format-standard","has-post-thumbnail","hentry","category-mai-vilagnap","tag-kultura","tag-magyarorszag","tag-vilagnap"],"_links":{"self":[{"href":"https:\/\/katolikusifjusagialapitvany.hu\/index.php?rest_route=\/wp\/v2\/posts\/1769","targetHints":{"allow":["GET"]}}],"collection":[{"href":"https:\/\/katolikusifjusagialapitvany.hu\/index.php?rest_route=\/wp\/v2\/posts"}],"about":[{"href":"https:\/\/katolikusifjusagialapitvany.hu\/index.php?rest_route=\/wp\/v2\/types\/post"}],"author":[{"embeddable":true,"href":"https:\/\/katolikusifjusagialapitvany.hu\/index.php?rest_route=\/wp\/v2\/users\/1"}],"replies":[{"embeddable":true,"href":"https:\/\/katolikusifjusagialapitvany.hu\/index.php?rest_route=%2Fwp%2Fv2%2Fcomments&post=1769"}],"version-history":[{"count":1,"href":"https:\/\/katolikusifjusagialapitvany.hu\/index.php?rest_route=\/wp\/v2\/posts\/1769\/revisions"}],"predecessor-version":[{"id":1770,"href":"https:\/\/katolikusifjusagialapitvany.hu\/index.php?rest_route=\/wp\/v2\/posts\/1769\/revisions\/1770"}],"wp:featuredmedia":[{"embeddable":true,"href":"https:\/\/katolikusifjusagialapitvany.hu\/index.php?rest_route=\/wp\/v2\/media\/1710"}],"wp:attachment":[{"href":"https:\/\/katolikusifjusagialapitvany.hu\/index.php?rest_route=%2Fwp%2Fv2%2Fmedia&parent=1769"}],"wp:term":[{"taxonomy":"category","embeddable":true,"href":"https:\/\/katolikusifjusagialapitvany.hu\/index.php?rest_route=%2Fwp%2Fv2%2Fcategories&post=1769"},{"taxonomy":"post_tag","embeddable":true,"href":"https:\/\/katolikusifjusagialapitvany.hu\/index.php?rest_route=%2Fwp%2Fv2%2Ftags&post=1769"}],"curies":[{"name":"wp","href":"https:\/\/api.w.org\/{rel}","templated":true}]}}