{"id":1771,"date":"2023-02-01T16:00:00","date_gmt":"2023-02-01T16:00:00","guid":{"rendered":"https:\/\/katolikusifjusagialapitvany.hu\/?p=1771"},"modified":"2024-02-28T16:00:41","modified_gmt":"2024-02-28T16:00:41","slug":"februar-1-je-a-tisza-elovilaganak-emleknapja","status":"publish","type":"post","link":"https:\/\/katolikusifjusagialapitvany.hu\/?p=1771","title":{"rendered":"Febru\u00e1r 1-je a Tisza \u00e9l\u0151vil\u00e1g\u00e1nak eml\u00e9knapja"},"content":{"rendered":"\n<p class=\"has-pale-cyan-blue-background-color has-background\">2000. janu\u00e1r 31-\u00e9n a Szamos fels\u0151 foly\u00e1s\u00e1nak v\u00edzgy\u0171jt\u0151 ter\u00fclet\u00e9n m\u0171k\u00f6d\u0151 rom\u00e1n-ausztr\u00e1l tulajdon\u00fa Aurul nev\u0171 b\u00e1nyav\u00e1llalat cianiddal \u00e9s neh\u00e9zf\u00e9mekkel szennyezte a Szamos \u00e9s a Tisza foly\u00f3kat Rom\u00e1ni\u00e1ban. A szennyez\u0151d\u00e9s febru\u00e1r 1-12. k\u00f6z\u00f6tt vonult le a Tisz\u00e1n \u00f6kol\u00f3giai katasztr\u00f3f\u00e1t okozva a foly\u00f3 \u00e9l\u0151vil\u00e1g\u00e1ban. A magyar orsz\u00e1ggy\u0171l\u00e9s erre eml\u00e9kezve 2000. j\u00fanius 16-\u00e1n elfogadott hat\u00e1rozat\u00e1nak 10. pontj\u00e1ban febru\u00e1r 1-j\u00e9t a TISZA \u00c9L\u0150VIL\u00c1G\u00c1NAK EML\u00c9KNAPJ\u00c1v\u00e1 nyilv\u00e1n\u00edtotta.<\/p>\n\n\n\n<p class=\"has-pale-cyan-blue-background-color has-background\">Hal\u00e1sz a foly\u00f3n, a felv\u00e9tel a Tisz\u00e1n Tuzs\u00e9r \u00e9s Szeged k\u00f6z\u00f6tt, az ERD\u00c9RT v\u00e1llalat telep\u00e9t\u0151l a fafeldolgoz\u00f3 \u00fczemekhez le\u00fasztatott far\u00f6nk\u00f6ket vontat\u00f3 Gabi nev\u0171 haj\u00f3r\u00f3l k\u00e9sz\u00fclt.<br>\u00c9V: 1967<br>A fot\u00f3 forr\u00e1sa: fortepan<\/p>\n","protected":false},"excerpt":{"rendered":"<p>2000. janu\u00e1r 31-\u00e9n a Szamos fels\u0151 foly\u00e1s\u00e1nak v\u00edzgy\u0171jt\u0151 ter\u00fclet\u00e9n m\u0171k\u00f6d\u0151<\/p>\n","protected":false},"author":1,"featured_media":1721,"comment_status":"open","ping_status":"open","sticky":false,"template":"","format":"standard","meta":{"footnotes":""},"categories":[48],"tags":[63,34,64,44],"class_list":["post-1771","post","type-post","status-publish","format-standard","has-post-thumbnail","hentry","category-mai-vilagnap","tag-magyarorszag","tag-szeged","tag-tisza","tag-vilagnap"],"_links":{"self":[{"href":"https:\/\/katolikusifjusagialapitvany.hu\/index.php?rest_route=\/wp\/v2\/posts\/1771","targetHints":{"allow":["GET"]}}],"collection":[{"href":"https:\/\/katolikusifjusagialapitvany.hu\/index.php?rest_route=\/wp\/v2\/posts"}],"about":[{"href":"https:\/\/katolikusifjusagialapitvany.hu\/index.php?rest_route=\/wp\/v2\/types\/post"}],"author":[{"embeddable":true,"href":"https:\/\/katolikusifjusagialapitvany.hu\/index.php?rest_route=\/wp\/v2\/users\/1"}],"replies":[{"embeddable":true,"href":"https:\/\/katolikusifjusagialapitvany.hu\/index.php?rest_route=%2Fwp%2Fv2%2Fcomments&post=1771"}],"version-history":[{"count":2,"href":"https:\/\/katolikusifjusagialapitvany.hu\/index.php?rest_route=\/wp\/v2\/posts\/1771\/revisions"}],"predecessor-version":[{"id":1773,"href":"https:\/\/katolikusifjusagialapitvany.hu\/index.php?rest_route=\/wp\/v2\/posts\/1771\/revisions\/1773"}],"wp:featuredmedia":[{"embeddable":true,"href":"https:\/\/katolikusifjusagialapitvany.hu\/index.php?rest_route=\/wp\/v2\/media\/1721"}],"wp:attachment":[{"href":"https:\/\/katolikusifjusagialapitvany.hu\/index.php?rest_route=%2Fwp%2Fv2%2Fmedia&parent=1771"}],"wp:term":[{"taxonomy":"category","embeddable":true,"href":"https:\/\/katolikusifjusagialapitvany.hu\/index.php?rest_route=%2Fwp%2Fv2%2Fcategories&post=1771"},{"taxonomy":"post_tag","embeddable":true,"href":"https:\/\/katolikusifjusagialapitvany.hu\/index.php?rest_route=%2Fwp%2Fv2%2Ftags&post=1771"}],"curies":[{"name":"wp","href":"https:\/\/api.w.org\/{rel}","templated":true}]}}