{"id":1906,"date":"2024-04-08T18:51:44","date_gmt":"2024-04-08T18:51:44","guid":{"rendered":"https:\/\/katolikusifjusagialapitvany.hu\/?p=1906"},"modified":"2024-04-15T18:54:57","modified_gmt":"2024-04-15T18:54:57","slug":"franjevci-novi-sad-ujvideki-ferencesek","status":"publish","type":"post","link":"https:\/\/katolikusifjusagialapitvany.hu\/?p=1906","title":{"rendered":"Franjevci Novi Sad &#8211; \u00dajvid\u00e9ki ferencesek"},"content":{"rendered":"\n<p>Franjevci Novi Sad &#8211; \u00dajvid\u00e9ki ferencesek<\/p>\n\n\n\n<p>R\u00f3lunk:<\/p>\n\n\n\n<p>Boldog ember, aki mindabban elviseli felebar\u00e1tja gyarl\u00f3s\u00e1g\u00e1t, amiben \u2013 hasonl\u00f3 k\u00f6r\u00fclm\u00e9nyek k\u00f6zt \u2013 maga is k\u00edv\u00e1nn\u00e1, hogy elviselj\u00e9k \u0151t. (Assisi Szent Ferenc)<\/p>\n\n\n\n<p>A kezdet kezdete<\/p>\n\n\n\n<p>A <a><\/a>ferences jelenl\u00e9t a B\u00e1csk\u00e1ban m\u00e1r a t\u00f6r\u00f6k id\u0151k el\u0151tti f\u00f6ljegyz\u00e9sekb\u0151l is dokument\u00e1lhat\u00f3. A t\u00f6r\u00f6k\u00f6k visszaszor\u00edt\u00e1sa ut\u00e1n, k\u00fcl\u00f6n\u00f6sen pedig Savoyai Jen\u0151 gy\u0151zelmes hadj\u00e1ratait k\u00f6vet\u0151en, amikor a katolikus n\u00e9pess\u00e9g kezdett visszat\u00e9rni erre a ter\u00fcletre, Szeged \u00e9s B\u00e1cs, k\u00e9s\u0151bb pedig Szabadka is ferences lelkipasztoriz\u00e1ci\u00f3 k\u00f6zpontj\u00e1v\u00e1 v\u00e1lt. A b\u00e1cskai pl\u00e9b\u00e1ni\u00e1k t\u00f6bbs\u00e9g\u00e9nek els\u0151 \u00e1lland\u00f3 vagy kij\u00e1r\u00f3 lelkip\u00e1sztora ferences volt.<\/p>\n\n\n\n<p>Az \u00fajvid\u00e9ki ferences leteleped\u00e9s gondolat\u00e1nak \u00edr\u00e1sos r\u00f6gz\u00edt\u00e9se 1941 \u0151sz\u00e9hez kapcsol\u00f3dik, majd december 27-\u00e9n a Kapisztr\u00e1n Szent J\u00e1nosr\u00f3l elnevezett rendtartom\u00e1ny definitoriuma hivatalosan is napirendre t\u0171zi az \u00fajvid\u00e9ki leteleped\u00e9s k\u00e9rd\u00e9s\u00e9t. 1942 folyam\u00e1n az eml\u00edtett provinci\u00e1nak h\u00e1rom p\u00e1tere teljes\u00edt telepes lelk\u00e9szi szolg\u00e1latot ezen a vid\u00e9ken. K\u00f6z\u00f6tt\u00fck van K\u00f6r\u00f6szt\u00f6s Krizosztomatya is, aki Horthyv\u00e1r\u00e1r\u00f3l (Stepanovi\u0107evo) h\u00e9t idetelep\u00edtett bukovinai sz\u00e9kely telepet l\u00e1t el, mint annak a \u201ep\u00e9ld\u00e1san vall\u00e1sos n\u00e9p\u201d-nek lelki gondoz\u00f3ja, amely sz\u00e1m\u00e1ra \u201ea szentmise fontosabb a mindennapi keny\u00e9rn\u00e9l\u201d. Krizosztom aty\u00e1t \u00e9l\u00e9nken foglalkoztatja egy ferences h\u00e1z megalap\u00edt\u00e1s\u00e1nak a gondolata. Hab\u00e1r a helysz\u00edn \u2013 Topolya legyen-e, vagy \u00dajvid\u00e9k \u2013 nem vil\u00e1gos, az atya \u00dajvid\u00e9k mellett d\u00f6nt, mert \u201et\u00f6bb oldalr\u00f3l nyilv\u00e1nult meg az \u00f3haj, mind a paps\u00e1g. mind a vil\u00e1giak r\u00e9sz\u00e9r\u0151l, hogy a ferencesek telepedjenek le \u00dajvid\u00e9ken\u201d. Az okt\u00f3ber 20-\u00e1t \u00edrt level\u00e9ben s\u00fcrgeti a tartom\u00e1ny vezet\u0151s\u00e9g\u00e9nek d\u00f6nt\u00e9s\u00e9t: \u201eM\u00e9g mindig nem tudom, hogy a provinci\u00e1nak elhat\u00e1rozott sz\u00e1nd\u00e9ka a leteleped\u00e9s, mert j\u00f3form\u00e1n semmi sem t\u00f6rt\u00e9nt az \u00e9rdek\u00e9ben\u201d. Mint \u00fcgybuzg\u00f3 ember er\u00e9lyes hangot \u00fct meg level\u00e9ben, s\u00fcrg\u0151s int\u00e9zked\u00e9st k\u00f6vetel, mert: \u201eszerintem m\u00e1r r\u00e9g bent lakhatn\u00e1nk \u00dajvid\u00e9ken\u201d.<\/p>\n\n\n\n<p>A provinci\u00e1lis azonban nem \u00fclt \u00f6lbe tett k\u00e9zzel, hiszen az okt\u00f3ber v\u00e9g\u00e9n kelt level\u00e9ben meghagyja Krizosztom aty\u00e1nak, hogy \u201eegy olyan z\u00e1rd\u00e1t k\u00e9sz\u00edtsenek, mely mint\u00e1ja lehet minden ezut\u00e1n k\u00f6vetkez\u0151nek\u201d. A tartom\u00e1nyi el\u00f6lj\u00e1r\u00f3s\u00e1g Krizosztom aty\u00e1t \u00e9s Schneider Vencel definitor aty\u00e1t b\u00edzza meg a leteleped\u00e9s m\u00f3dozatainak kidolgoz\u00e1s\u00e1val, Krizosztomot azonban okt\u00f3ber 6-\u00e1n beh\u00edvj\u00e1k katonalelk\u00e9szi szolg\u00e1latra, \u00e9s az orosz frontra k\u00fcldik, ahonnan csak 1942. augusztus 10-\u00e9n t\u00e9r vissza. Ekkor \u0151 lesz az \u00fajvid\u00e9ki leteleped\u00e9s f\u0151 megb\u00edzottja \u00e9s felhatalmazottja. Ezt a t\u00e9nyt Schrotty P\u00e1l provinci\u00e1lis szeptember 2-\u00e1n kelt 1942\/2492 sz. level\u00e9ben is er\u0151s\u00edti.<\/p>\n\n\n\n<p>Az 1942. okt\u00f3ber 6-\u00e1n megtartott definitoriumi gy\u0171l\u00e9s jegyz\u0151k\u00f6nyv\u00e9b\u0151l megtudjuk, hogy megold\u00f3dott az \u00e9p\u00fclet k\u00e9rd\u00e9se is: L\u00e9h M\u00e1ty\u00e1s sz\u00e9pligeti (ma: Gajdobra) pl\u00e9b\u00e1nos a rendnek aj\u00e1nd\u00e9kozta \u00fajvid\u00e9ki emeletes h\u00e1z\u00e1t, ennek \u201ef\u00f6ldszintje a k\u00e1polna, emelete a z\u00e1rda szerep\u00e9t fogja bet\u00f6lteni mindaddig, m\u00edg az \u00faj templom \u00e9s z\u00e1rda f\u00f6l nem \u00e9p\u00fcl\u201d. Ezt az \u00faj templomot a mai Park Sz\u00e1ll\u00f3 hely\u00e9n k\u00e9pzelte el az akkori tartom\u00e1nyi vezet\u00e9s \u2013 kupol\u00e1s, bazilika st\u00edlus\u00fa \u00e9p\u00fclet form\u00e1j\u00e1ban. Ez a terv azonban meghi\u00fasult.<\/p>\n\n\n\n<p>A hivatalos bevonul\u00e1s idej\u00e9t a definitoium 1943. janu\u00e1r 28-i gy\u0171l\u00e9s\u00e9n febru\u00e1r 2-\u00e1ra, Gyertyaszentel\u0151 Boldogasszony napj\u00e1ra t\u0171zte ki. Ezen a napon Uzd\u00f3czy Zadravecz Istv\u00e1n t\u00e1bori p\u00fcsp\u00f6k, aki maga is a Kapisztr\u00e1n-provincia tagja volt, felszentelte a ferencesek els\u0151 \u00fajvid\u00e9ki k\u00e1poln\u00e1j\u00e1t, amely a mai templomnak mintegy a fel\u00e9t tette ki, a sz\u00e9lesebb bej\u00e1rati r\u00e9szt.<\/p>\n\n\n\n<p>A j\u00f6vev\u00e9nyek \u00e9s zar\u00e1ndokok templomot \u00e9p\u00edtenek<\/p>\n\n\n\n<p>A sz\u00e9pligeti pl\u00e9b\u00e1nos aj\u00e1nd\u00e9kozta h\u00e1z, amelynek f\u00f6ldszintj\u00e9t k\u00e1poln\u00e1v\u00e1 alak\u00edtott\u00e1k \u00e1t, emelet\u00e9t pedig z\u00e1rd\u00e1v\u00e1, \u00e9s amelyet Zadravecz p\u00fcsp\u00f6k \u00far 1943-ban, Gyertyaszentel\u0151 Boldogasszony \u00fcnnep\u00e9n szentelt fel, hamarosan sz\u0171knek bizonyult.<\/p>\n\n\n\n<p>A testv\u00e9rek, az agilis h\u00e1zf\u0151n\u00f6k vezet\u00e9s\u00e9vel, a h\u00edvek b\u0151kez\u0171 adakoz\u00e1sa mellett, 1943 m\u00e1jus\u00e1ban hozz\u00e1fogtak a k\u00e1polna kib\u0151v\u00edt\u00e9s\u00e9hez. A Maca J\u00e1nos \u00e9p\u00edt\u0151v\u00e1llalkoz\u00f3 ir\u00e1ny\u00edt\u00e1s\u00e1val v\u00e9gzett munk\u00e1latok 1943 okt\u00f3ber\u00e9re nagyj\u00e1b\u00f3l be is fejez\u0151dtek, majd okt\u00f3ber 31-\u00e9n, Krisztus Kir\u00e1ly \u00fcnnep\u00e9n dr. Bereszt\u00f3czy Mikl\u00f3s p\u00e1pai kamar\u00e1s felszentelte a kib\u0151v\u00edtett k\u00e1poln\u00e1t, amelynek nagys\u00e1ga az\u00f3ta is v\u00e1ltozatlan.<\/p>\n\n\n\n<p>A vil\u00e1g\u00e9g\u00e9st k\u00f6vet\u0151 \u00e9vekben nem volt lehet\u0151s\u00e9g jelent\u0151sebb \u00e1talak\u00edt\u00e1sra, de az adott \u00e9p\u00fclet en\u00e9lk\u00fcl is megfelelt az ig\u00e9nyeknek. A h\u00edvek buzg\u00f3s\u00e1ga \u00e9s a Sz\u0171z M\u00e1ria ir\u00e1nti tisztelet eredm\u00e9nyek\u00e9nt a h\u00e1bor\u00fa alatt \u00e9p\u00fclt l\u00e9gv\u00e9delmi \u00f3v\u00f3hely oldal\u00e1n Ashiku atya lourdes-i barlangot emeltetett, amely \u2013 b\u00e1r a v\u00e9g\u00e9n m\u00e1r igen t\u00f6nkrement \u00e1llapotban \u2013 1981-ig megmaradt, amikor azonban az \u00e1lland\u00f3 talajv\u00edz miatt a haszn\u00e1latban \u00f3v\u00f3helyet is le kellett bontani.<\/p>\n\n\n\n<p>A templom \u00e9s rendh\u00e1z \u00e9p\u00fclete minduntalan jav\u00edt\u00e1sra szorult, de 1962-ig nem kellett jelent\u0151sebb fel\u00faj\u00edt\u00e1st eszk\u00f6z\u00f6lni. Ebben az \u00e9vben \u2013 L\u00e9tusz atya vezet\u00e9s\u00e9vel \u2013 k\u00fcls\u0151 tataroz\u00e1st v\u00e9geztek: leszedt\u00e9k a falakat beh\u00e1l\u00f3z\u00f3 k\u00fasz\u00f3n\u00f6v\u00e9nyt, kijav\u00edtott\u00e1k a k\u00fcls\u0151 falhib\u00e1kat, tov\u00e1bb\u00e1 kik\u00f6vezt\u00e9k a h\u00e1z k\u00f6r\u00fcli j\u00e1rd\u00e1t.<\/p>\n\n\n\n<p>1963 november\u00e9ben a v\u00e1ros \u201emegvette\u201d a kert egy r\u00e9sz\u00e9t, amelyet m\u00e9g Krizosztom atya v\u00e1s\u00e1rolt meg. A szerz\u0151d\u00e9s szerint a t\u00f6bbi tulajdonosnak ki is fizett\u00e9k a kertr\u00e9szeket, a rendh\u00e1z\u00e9t pedig \u00f6tven \u00e9ven kereszt\u00fcl t\u00f6rleszti majd a v\u00e1ros m\u00e9g nevets\u00e9gesnek sem nevezhet\u0151 \u00f6sszeg\u0171 \u00e9vi k\u00e9t r\u00e9szletben. Ugyanebben az \u00e9vben a h\u00e1zat r\u00e1kapcsolt\u00e1k a v\u00e1rosi v\u00edzvezet\u00e9kre is.<\/p>\n\n\n\n<p>1964-ben az utcai ker\u00edt\u00e9s megjav\u00edt\u00e1s\u00e1ra ker\u00fclt sor. A t\u00e9gl\u00e1b\u00f3l \u00e9p\u00fclt ker\u00edt\u00e9st a v\u00e1ros 1950-ben lebontatta a t\u00e9gla sz\u00fcks\u00e9gess\u00e9g\u00e9re hivatkozva, \u00e9s faker\u00edt\u00e9st \u00e1ll\u00edtatott. 1964-ben teh\u00e1t \u00fajb\u00f3l szil\u00e1rd anyagb\u00f3l \u00e9p\u00fclt utcai ker\u00edt\u00e9s, amely kisebb v\u00e1ltoztat\u00e1sokkal a mai napig meg\u0151rizte eredeti alakj\u00e1t.<\/p>\n\n\n\n<p>A hatvanas \u00e9vek m\u00e1sodik fel\u00e9ben (1967 novembere) \u2013 P\u00e9ter atya idej\u00e9ben \u2013 a vatik\u00e1ni zsinat liturgi\u00e1ra vonatkoz\u00f3 rendeleteinek \u00e9rtelm\u00e9ben megt\u00f6rt\u00e9nik az olt\u00e1r n\u00e9p fel\u00e9 ford\u00edt\u00e1sa, egyszersmind a szent\u00e9ly m\u00e1rv\u00e1nyoz\u00e1sa. A munk\u00e1latok kivitelez\u0151je T\u00f3th Imre mester. 1968-ban megkezd\u0151dik a templom falainak elszigetel\u00e9se, valamint az \u00faj sekrestye kialak\u00edt\u00e1sa a mai form\u00e1j\u00e1ban, \u00fagyszint\u00e9n a l\u00e9pcs\u0151h\u00e1znak \u00e9s a sekrestye bej\u00e1rat\u00e1nak \u00f6sszek\u00f6t\u00e9se mennyezettel. Ugyanekkor kialakul a templom mai oldalkij\u00e1rata is. A munk\u00e1latok terh\u00e9t T\u00f3th Imre, Ol\u00e1h Imre \u00e9s Horv\u00e1th Imre mesterek viselik.<\/p>\n\n\n\n<p>Hajek Gotth\u00e1rd atya folytatja a munk\u00e1latokat. A m\u00e1rv\u00e1nylapokkal fedett olt\u00e1rt 1978-ban eredeti isztriai m\u00e1rv\u00e1nyb\u00f3l k\u00e9sz\u00fclt \u00faj liturgikus asztal v\u00e1ltja f\u00f6l, \u00e9s az oszlopokr\u00f3l is leker\u00fcl a m\u00e1rv\u00e1ny, mert a nedvess\u00e9g miatt lev\u00e1lnak a lapok. Folytat\u00f3dik a templom falainak elszigetel\u00e9se, majd megt\u00f6rt\u00e9nik a fal als\u00f3 r\u00e9sz\u00e9nek bevon\u00e1sa v\u00edz\u00e1ll\u00f3 m\u0171anyaggal.<\/p>\n\n\n\n<p>Horvat Benko h\u00e1zf\u0151n\u00f6k tov\u00e1bb folytatja a megkezdett bels\u0151 fel\u00faj\u00edt\u00e1sokat. A templom padl\u00f3j\u00e1nak m\u00e1rv\u00e1nyoz\u00e1sa mintegy k\u00e9tharmad r\u00e9szben elk\u00e9sz\u00fcl, majd Harmath K\u00e1roly idej\u00e9n befejez\u0151dik.<\/p>\n\n\n\n<p>1983-ban a k\u00fcls\u0151 vakolat egyre nagyobb m\u00e9rt\u00e9k\u0171 hull\u00e1sa ellen m\u00e1r nincs v\u00e9dekez\u00e9s, ez\u00e9rt az eg\u00e9sz h\u00e1z k\u00fclseje jav\u00edttat\u00e1sra szorul.<\/p>\n\n\n\n<p>1984 k\u00e9s\u0151 \u0151sz\u00e9n a h\u00e1z k\u00f6zponti f\u0171t\u00e9st kap saj\u00e1t kaz\u00e1nnal.<\/p>\n\n\n\n<p>Az udvari \u00e9p\u00fcletek k\u00fcl\u00f6nb\u00f6z\u0151 c\u00e9lokat szolg\u00e1ltak az elm\u00falt hetven \u00e9v sor\u00e1n. Ennek megfelel\u0151en sz\u00fcks\u00e9g mutatkozott kisebb-nagyobb \u00e1talak\u00edt\u00e1sokra. A legnagyobb restaur\u00e1ci\u00f3s munk\u00e1k 1986-ban \u00e9s 1991 \u0151sz\u00e9n mentek v\u00e9gbe, hogy az \u00e9p\u00fcletek jobban megfeleljenek az id\u0151k\u00f6zben odatelep\u00edtett nyomda ig\u00e9nyeinek.<\/p>\n\n\n\n<p>Az \u00e9p\u00fclet emeleti r\u00e9sz\u00e9n az \u00e9vtizedek folyam\u00e1n szint\u00e9n t\u00f6bb kisebb \u00e1talak\u00edt\u00e1sra ker\u00fclt sor a lakhat\u00f3s\u00e1g \u00e9s a jobb hasznos\u00edt\u00e1s \u00e9rdek\u00e9ben. A legnagyobb ilyen jelleg\u0171 v\u00e1llalkoz\u00e1s 1992 v\u00e9g\u00e9n fejez\u0151d\u00f6tt be: a tet\u0151t\u00e9r be\u00e9p\u00edt\u00e9s\u00e9vel az Agap\u00e9 szerkeszt\u0151s\u00e9ge jutott helyis\u00e9gekhez.<\/p>\n\n\n\n<p>P\u00e1sztorok a ny\u00e1j \u00e9l\u00e9n<\/p>\n\n\n\n<p>A rendh\u00e1z testv\u00e9ri k\u00f6z\u00f6ss\u00e9ge a leteleped\u00e9s \u00e9veiben volt a legnagyobb l\u00e9tsz\u00e1m\u00fa. A leteleped\u00e9st el\u0151k\u00e9sz\u00edt\u0151 \u00e9s megszervez\u0151 K\u00f6r\u00f6szt\u00f6s Krizosztom atya mellett az 1943-as k\u00e1polnaszentel\u00e9s ut\u00e1n n\u00e9gy testv\u00e9r kezdte meg tev\u00e9kenys\u00e9g\u00e9t a h\u00e1zban: Kiss J\u00f3zsef \u00e9s Szikra Ferenc atya, valamint Scheibl Modeszt \u00e9s Cseh Anic\u00e9t testv\u00e9r. M\u00e1rciusban Kamar\u00e1s Mih\u00e1ly atya v\u00e1ltja fel J\u00f3zsef aty\u00e1t. A kib\u0151v\u00edtett k\u00e1polna felszentel\u00e9se ut\u00e1n ideker\u00fclt m\u00e9g Domonkos, Nagy M\u00e1riusz \u00e9s Honor atya.<\/p>\n\n\n\n<p>1944 nyar\u00e1n a frontvonal egyre gyorsabb k\u00f6zeled\u00e9se miatt a rendh\u00e1zb\u00f3l m\u00e1s h\u00e1zba t\u00e1vozott Domonkos \u00e9s Honor atya, M\u00e1riusz pedig elhagyta a rendet. Hely\u00fckbe j\u00falius 24-\u00e9n Kov\u00e1cs Krist\u00f3fatya j\u00f6tt, m\u00edg Ferenc aty\u00e1t Szabadk\u00e1ra helyezte a rendi el\u00f6lj\u00e1r\u00f3s\u00e1g. \u00cdgy 1944 \u0151sz\u00e9re m\u00e1r csak h\u00e1rom atya marad a rendh\u00e1zban: K\u00f6r\u00f6szt\u00f6s Krizosztom, Kov\u00e1cs Krist\u00f3f \u00e9s Kamar\u00e1s Mih\u00e1ly.<\/p>\n\n\n\n<p>E h\u00e1rom k\u00f6z\u00fcl ker\u00fclnek ki rendh\u00e1zunk v\u00e9rtan\u00fai. 1944. okt\u00f3ber 26-\u00e1n a kommunistapartiz\u00e1n csapatok, orosz katon\u00e1kkal er\u0151s\u00edtve elviszik a rendh\u00e1z lak\u00f3it is. A h\u00e1zf\u0151n\u00f6k\u00f6t, Krizosztom aty\u00e1t, akit betegs\u00e9ge sokkal id\u0151sebbnek l\u00e1ttatott, mint amennyi \u00e9ves volt, \u201e\u00f6reg\u201d kor\u00e1ra val\u00f3 tekintettel itt akarj\u00e1k hagyni. De a t\u00fal\u00e9l\u0151 atya tan\u00fas\u00e1ga szerint a gvardi\u00e1n \u00fagy v\u00e9lekedett, hogy ha m\u00e1r a testv\u00e9reket viszik, akkor vigy\u00e9k \u0151t is. \u0150 fejezte be leghamarabb az \u00e9let\u00e9t. Minden val\u00f3sz\u00edn\u0171s\u00e9g szerint hal\u00e1lra k\u00ednozt\u00e1k a folyam\u00f3rs\u00e9g kasz\u00e1rny\u00e1j\u00e1ban. S\u00edrj\u00e1nak helye mindm\u00e1ig ismeretlen. A m\u00e1sik k\u00e9t \u00e9letben maradtat a t\u00f6bbi elfogott f\u00e9rfival egy\u00fctt In\u0111ija ir\u00e1ny\u00e1ba viszik. S k\u00f6zben meg\u00e1llnak vel\u00fck. P\u00e9terv\u00e1radon, a v\u00e1rban, p\u00e9ld\u00e1ul egy eg\u00e9sz \u00e9jszak\u00e1t gy\u00f3ntat\u00e1ssal t\u00f6ltenek az elhurcoltak. Tekija fel\u00e9 tartva egy partiz\u00e1nn\u0151 Krist\u00f3f aty\u00e1t k\u00fcl\u00f6n\u00f6s kegyetlens\u00e9ggel b\u00e1ntalmazza, nemcsak fizikailag, hanem verb\u00e1lisan is, hit\u00e9t gyal\u00e1zva mondja neki, hogy mentse meg Sz\u0171z M\u00e1ria, akinek az olvas\u00f3j\u00e1t viseli. Mivel nem b\u00edrja az er\u0151ltetett menetet, az aty\u00e1t f\u00f6lteszik egy fel\u00e9j\u00fck tart\u00f3 orosz katonai tehersz\u00e1ll\u00edt\u00f3ra, de a kocsira felugrik egy harcos, \u00e9s sort\u0171zzel v\u00e9gez vele. Holtteste val\u00f3sz\u00edn\u0171leg az In\u0111ija k\u00fclv\u00e1ros\u00e1ban fekv\u0151 t\u00f6megs\u00edrba ker\u00fclt. Mih\u00e1ly aty\u00e1t In\u0111ij\u00e1ba hurcolj\u00e1k. A l\u00e1gerb\u0151l 1944. december 2-\u00e1n t\u00e9r vissza, s els\u0151 nyilv\u00e1nos mis\u00e9j\u00e9t a templomban 1944. Kar\u00e1csony\u00e1n du. 4 \u00f3rakor mutatja be.<\/p>\n\n\n\n<p>1945 m\u00e1rcius\u00e1ban Pletikoszich P\u00e9ter aty\u00e1t k\u00fcldik Mih\u00e1lyhoz, akit \u00e1prilis 26-\u00e1n m\u00e1r Budapestre diszpon\u00e1lnak. 1945 j\u00falius\u00e1ban dr. Ashiku Anton atya, az alb\u00e1n ferences rendtartom\u00e1ny tagja \u00e9rkezik P\u00e9ter atya mell\u00e9. Miut\u00e1n P\u00e9ter aty\u00e1t 1945. december 3-\u00e1n kilenc h\u00f3napra b\u00f6rt\u00f6nbe z\u00e1rj\u00e1k Po\u017earevacon, \u0151 veszi \u00e1t a h\u00edvek lelki vezet\u00e9s\u00e9t. Itt kell megeml\u00edten\u00fcnk, hogy az aty\u00e1k elhurcol\u00e1s\u00e1nak idej\u00e9n s Ashiku atya itteni m\u0171k\u00f6d\u00e9s\u00e9nek els\u0151 \u00e9veiben rendk\u00edv\u00fcli nagy lelki seg\u00edts\u00e9get ny\u00fajtott a rendh\u00e1z h\u00edv\u0151k\u00f6z\u00f6ss\u00e9g\u00e9nek ft. Vondra Gyula, a Szent R\u00f3kus pl\u00e9b\u00e1nia akkori pl\u00e9b\u00e1nosa.<\/p>\n\n\n\n<p>A Szent Cirillr\u0151l \u00e9s Met\u00f3dr\u00f3l elnevezett horv\u00e1t ferences rendtartom\u00e1ny 1955 m\u00e1rcius\u00e1ban k\u00fcld ferencest a rendh\u00e1zba Hermann Hermenegild atya szem\u00e9ly\u00e9ben, akit el\u00f6lj\u00e1r\u00f3i szolg\u00e1lattal b\u00edzott meg. Ez egyben azt is jelentette, hogy egyh\u00e1zjogilag a h\u00e1z az eml\u00edtett rendtartom\u00e1ny fennhat\u00f3s\u00e1ga al\u00e1 ker\u00fclt m\u00e1ig hat\u00f3 \u00e9rv\u00e9nnyel. A n\u00e9pszer\u0171en P\u00e1ter Djild\u00f3nak nevezett atya 1961. okt\u00f3ber 13-\u00e1n halt meg, \u00e9s a futaki \u00fati katolikus temet\u0151ben helyezt\u00e9k \u00f6r\u00f6k nyugov\u00f3ra. Hal\u00e1l\u00e1t k\u00f6vet\u0151en Luksa L\u00e9tusz atya ker\u00fclt \u00dajvid\u00e9kre ut\u00f3dak\u00e9nt. Id\u0151k\u00f6zben 1962. m\u00e1rcius 10-\u00e9n elhunyt Anton atya, akinek \u00f6r\u00f6k nyugv\u00f3helye szint\u00e9n a futaki \u00fati temet\u0151ben van.<\/p>\n\n\n\n<p>augusztus 19-\u00e9n a tartom\u00e1nyi el\u00f6lj\u00e1r\u00f3s\u00e1g Pletikoszich P\u00e9ter aty\u00e1t helyezte h\u00e1zunkba, \u00e9s mivel L\u00e9tusz aty\u00e1t m\u00e1shova ir\u00e1ny\u00edtott\u00e1k, egyed\u00fcli lelkip\u00e1sztork\u00e9nt tev\u00e9kenykedett az itt gy\u00fclekez\u0151 h\u00edvek k\u00f6r\u00e9ben.<\/p>\n\n\n\n<p>Miut\u00e1n P\u00e9ter atya 1970. j\u00fanius 22-\u00e9n v\u00e1ratlanul elhagyta a h\u00e1zat, r\u00f6vid id\u0151re Horvat Hadri\u00e1n atya vette \u00e1t a szolg\u00e1latot, akit 1970. szeptember 4-\u00e9n Hajek Gotth\u00e1rd atya v\u00e1ltott f\u00f6l. Egy ideig Gotth\u00e1rd atya mellett m\u0171k\u00f6d\u00f6tt Cvitkovi\u0107 Budimir (1975. augusztus 14-\u00e9t\u0151l 1977 elej\u00e9ig) \u00e9s Lini\u0107 Zvjezdan atya (1978. IX. 6. \u2013 1978. XII. 12.).<\/p>\n\n\n\n<p>augusztus 24-\u00e9n Horvat Benko atya ker\u00fcl a rendh\u00e1z \u00e9l\u00e9re, kiseg\u00edt\u0151k\u00e9nt pedig Harmath K\u00e1roly. Miut\u00e1n Benko aty\u00e1t kinevezt\u00e9k tersatt\u00f3i gvardi\u00e1nnak (1982. Febru\u00e1r 4-\u00e9n), dr. Harmath K\u00e1rolyaty\u00e1t b\u00edzz\u00e1k meg a rendh\u00e1z vezet\u00e9s\u00e9vel, aki mellett kiseg\u00edt\u0151k\u00e9nt \u00fajra itt tal\u00e1ljuk Budimir aty\u00e1t (1982. III. 27. \u2013 1983. VI. 27.). 1984. j\u00fanius 19-\u00e9n dr. Vojnovi\u0107 T\u00e1d\u00e9 atya l\u00e9p Budimir hely\u00e9re.<\/p>\n\n\n\n<p>T\u00e1d\u00e9 2008. november\u00e9ben bek\u00f6vetkezett hal\u00e1la \u00f3ta K\u00e1roly atya egyed\u00fcl l\u00e1tja el a templommal \u00e9s rendh\u00e1zzal kapcsolatos feladatokat \u00e9s megb\u00edz\u00e1sokat.<\/p>\n\n\n\n<p>A h\u00e1z k\u00fcl\u00f6nben a ferences jog \u00e9rtelm\u00e9ben fenn\u00e1ll\u00e1s\u00e1t\u00f3l \u00f6n\u00e1ll\u00f3 rezidencia volt 1987-ig, az\u00f3ta pedig a szabadkai rendh\u00e1z fili\u00e1lis h\u00e1za, egy megszak\u00edt\u00e1ssal, amikor ugyanis gvardian\u00e1tusk\u00e9nt m\u0171k\u00f6d\u00f6tt B\u00e1cs \u00e9s Zimony le\u00e1nykolostorokkal.<\/p>\n\n\n\n<p>\u201eTi vagytok az Isten temploma.\u201d (1Kor 3,16)<\/p>\n\n\n\n<p>A templomnak att\u00f3l f\u00fcggetlen\u00fcl, hogy a ferenceseknek sohasem volt pl\u00e9b\u00e1ni\u00e1juk a v\u00e1rosban, \u00e9s hogy befogad\u00f3k\u00e9pess\u00e9ge szer\u00e9ny, mindig nagy volt a vonz\u00f3ereje. A h\u00edvek itt lelki k\u00f6zpontra tal\u00e1ltak.<\/p>\n\n\n\n<p>A szents\u00e9gek kiszolg\u00e1ltat\u00e1s\u00e1t illet\u0151en els\u0151sorban a szentmise\u00e1ldozatot, a b\u0171nb\u00e1nat szents\u00e9g\u00e9t \u00e9s a betegek szents\u00e9g\u00e9t kell kiemelni, de a v\u00e1ros meg\u00e9rt\u0151 lelkip\u00e1sztorainak k\u00f6sz\u00f6nhet\u0151en m\u00e1s szents\u00e9gekben is r\u00e9szes\u00fclhettek \u00e9s r\u00e9szes\u00fclnek azok, akik k\u00fcl\u00f6n\u00f6s m\u00f3don kedvelik a lelkis\u00e9gnek ezt az o\u00e1zis\u00e1t v\u00e1rosunkban, \u00e9s a szents\u00e9gekhez itt \u00f3hajtanak j\u00e1rulni.<\/p>\n\n\n\n<p>Isten Ig\u00e9j\u00e9nek \u00e9l\u0151sz\u00f3beli hirdet\u00e9s\u00e9re az itt m\u0171k\u00f6d\u0151 lelkip\u00e1sztorok mindig nagy hangs\u00falyt fektettek.<\/p>\n\n\n\n<p>A kezdeti h\u00e1bor\u00fas \u00e9vekben heti szents\u00e9gim\u00e1d\u00e1sok keret\u00e9ben itt esdekeltek a p\u00e1sztorok \u00e9s a ny\u00e1j a b\u00e9k\u00e9\u00e9rt; bizalommal k\u00e9rt\u00e9k P\u00e1duai Szent Antal k\u00f6zbenj\u00e1r\u00e1s\u00e1t, de a M\u00e1ria-tisztelet sem volt kev\u00e9sb\u00e9 vonz\u00f3 sz\u00e1mukra. A h\u00e1bor\u00fat k\u00f6vet\u0151 \u00e9vekben k\u00fcl\u00f6n\u00f6sen a lourdes-i Sz\u0171zanya ir\u00e1nti tisztelet volt jellemz\u0151 k\u00f6z\u00f6ss\u00e9g\u00fcnkre, m\u00edg k\u00e9s\u0151bb, eg\u00e9szen napjainkig, a m\u00e1jusi \u00e9s okt\u00f3beri \u00e1jtatoss\u00e1g.<\/p>\n\n\n\n<p>Az \u00e9l\u0151 r\u00f3zsaf\u00fcz\u00e9r-t\u00e1rsulatok pedig tov\u00e1bbra is tan\u00fas\u00edtj\u00e1k, hogy a templomban gy\u00fclekez\u0151 h\u00edvek \u00e9let\u00e9ben a M\u00e1ria-tisztelet nem reduk\u00e1l\u00f3dik kiz\u00e1r\u00f3lag a templomi \u00e1jtatoss\u00e1gra.<\/p>\n\n\n\n<p>A h\u00edvek lelki templomm\u00e1 val\u00f3 \u00e9p\u00edt\u00e9s\u00e9t szolg\u00e1lja a rendszeres hitoktat\u00e1s a nyolcoszt\u00e1lyos iskola tanul\u00f3i sz\u00e1m\u00e1ra, a napjainkban rendszeres\u00edtett hetenk\u00e9nti biblia\u00f3ra \u00e9s bibliatanfolyam feln\u0151ttek sz\u00e1m\u00e1ra, valamint gyermekek \u00e9s feln\u0151ttek felk\u00e9sz\u00edt\u00e9se a szents\u00e9gek v\u00e9tel\u00e9re.<\/p>\n\n\n\n<p>A Ferences Rend, az Egyh\u00e1z, a kult\u00fara \u00e9s a t\u00e1rsadalom szolg\u00e1lat\u00e1ban<\/p>\n\n\n\n<p>A rendh\u00e1zban m\u0171k\u00f6d\u0151 ferencesek tev\u00e9kenys\u00e9ge sohasem korl\u00e1toz\u00f3dott kiz\u00e1r\u00f3lag a templomi lelkip\u00e1sztorkod\u00e1sra.<\/p>\n\n\n\n<p>A kezdeti id\u0151szakra jellemz\u0151 a ferencesek jelenl\u00e9te az iskolai hitoktat\u00e1sban \u00e9s a rendszeres k\u00f3rh\u00e1zi lelkl\u00e9szetben.<\/p>\n\n\n\n<p>Az \u00f6tvenes, hatvanas \u00e9s hetvenes \u00e9vekben a B\u00e1cska \u00e9s a B\u00e1n\u00e1t k\u00fcl\u00f6nb\u00f6z\u0151 helys\u00e9geiben tartott n\u00e9pmisszi\u00f3k, valamint bel- \u00e9s k\u00fclf\u00f6ldi zar\u00e1ndoklatok szervez\u00e9se b\u0151v\u00edti a lelkip\u00e1sztori tev\u00e9kenys\u00e9get.<\/p>\n\n\n\n<p>A nyolcvanas \u00e9vekt\u0151l kezdve a katolikus sajt\u00f3apostolkod\u00e1s \u00e9s a kultur\u00e1lis \u00e9letbe val\u00f3 fokozottabb bekapcsol\u00f3d\u00e1s jellemz\u0151 h\u00e1zunkra.<\/p>\n\n\n\n<p>1982-ben Harmath K\u00e1roly atya megalap\u00edtja az Agap\u00e9 K\u00f6nyvkiad\u00f3t, amely a nyolcvanas \u00e9vekben nyomd\u00e1val b\u0151v\u00fcl. 1991-ig jogilag a z\u00e1gr\u00e1bi Kr\u0161\u0107anska sada\u0161njost \u00f6n\u00e1ll\u00f3 magyar r\u00e9szlegek\u00e9nt m\u0171k\u00f6dik, ez \u00e9v szeptember\u00e9t\u0151l pedig mag\u00e1nv\u00e1llalatk\u00e9nt.<\/p>\n\n\n\n<p>A nyolcvanas \u00e9vek v\u00e9g\u00e9n Vojnovi\u0107 T\u00e1d\u00e9 atya megszerkeszti a t\u00f6rt\u00e9nelminek nevezhet\u0151 els\u0151 horv\u00e1t nyelv\u0171 bibliai konkordanci\u00e1t, amely 1991-ben l\u00e1t napvil\u00e1got nyomtat\u00e1sban.<\/p>\n\n\n\n<p>Az eml\u00edtett tev\u00e9kenys\u00e9gek mellett az itt m\u0171k\u00f6d\u0151 ferencesek a rend keret\u00e9n bel\u00fcl t\u00f6bbf\u00e9le megb\u00edzat\u00e1st l\u00e1ttak el: bet\u00f6lt\u00f6tt\u00e9k a gener\u00e1lis deleg\u00e1tus, vizit\u00e1tor, definitor, permanens form\u00e1ci\u00f3 felel\u0151se szolg\u00e1lat\u00e1t, tagk\u00e9nt k\u00f6zrem\u0171k\u00f6dtek a rendtartom\u00e1ny k\u00fcl\u00f6nb\u00f6z\u0151 bizotts\u00e1gaiban.<\/p>\n\n\n\n<p>Egyh\u00e1zi s\u00edkon eml\u00edt\u00e9sre m\u00e9lt\u00f3k a paps\u00e1gnak tartott rekollekci\u00f3k \u00e9s lelkigyakorlatok, az egyh\u00e1zmegye papi szen\u00e1tus\u00e1ban, a Magyar P\u00fcsp\u00f6ki Kar M\u00e9dia Bizotts\u00e1g\u00e1ban tagk\u00e9nt, illetve a Katolikus \u00dajs\u00e1g\u00edr\u00f3k Nemzetk\u00f6zi Sz\u00f6vets\u00e9g\u00e9nek foly\u00f3iratr\u00e9szleg\u00e9ben tan\u00e1csosk\u00e9nt kifejtett tev\u00e9kenys\u00e9g.<\/p>\n\n\n\n<p>Az egyetemes egyh\u00e1znak tett m\u00e1s szolg\u00e1latok k\u00f6z\u00f6tt tarthatjuk sz\u00e1mon, hogy e h\u00e1z ny\u00fajtott fedelet az \u00dajvid\u00e9ken letelepedni sz\u00e1nd\u00e9koz\u00f3 bazilita n\u0151v\u00e9reknek (1959-t\u0151l 1966. \u00e1prilis 20-\u00e1ig), Ferences Irgalmas N\u0151v\u00e9reknek (1962-t\u0151l 1966. \u00e1prilis 16-\u00e1ig) \u00e9s a pl\u00e9b\u00e1niai kiseg\u00edt\u0151 Regina Mundi szerzetesn\u0151v\u00e9reknek (1970. szeptember 17-\u00e9t\u0151l 1974-ig).<\/p>\n\n\n\n<p>A kult\u00fara terjeszt\u00e9s\u00e9nek ter\u00e9n jelent\u0151s t\u00e9nyez\u0151t k\u00e9pvisel a ferences jelenl\u00e9t a katolikus k\u00f6nyvkiad\u00e1sban, a tan\u00edt\u00e1sban: p\u00e9lda r\u00e1 a h\u00e9ber nyelv rendszeres tan\u00edt\u00e1sa a Baptista Teol\u00f3giai Iskol\u00e1n, a Bibli\u00e1r\u00f3l sz\u00f3l\u00f3 el\u0151ad\u00e1sok az \u00fajvid\u00e9ki B\u00f6lcs\u00e9szettudom\u00e1nyi Karon \u00e9s az \u00fajvid\u00e9ki k\u00f6z\u00e9piskol\u00e1kban, az \u00dajvid\u00e9ki R\u00e1di\u00f3 magyar nyelv\u0171 rendszeres \u00e9s rendk\u00edv\u00fcli vall\u00e1si m\u0171sorainak a szerkeszt\u00e9s\u00e9ben val\u00f3 k\u00f6zrem\u0171k\u00f6d\u00e9s, valamint k\u00fcl\u00f6nb\u00f6z\u0151 m\u0171vel\u0151d\u00e9si rendezv\u00e9nyeken val\u00f3 r\u00e9szv\u00e9tel \u00e9s m\u0171vel\u0151d\u00e9si t\u00e1rsas\u00e1gok tagjak\u00e9nt v\u00e9gzett munka.<\/p>\n","protected":false},"excerpt":{"rendered":"<p>Franjevci Novi Sad &#8211; \u00dajvid\u00e9ki ferencesek R\u00f3lunk: Boldog ember, aki<\/p>\n","protected":false},"author":1,"featured_media":1907,"comment_status":"open","ping_status":"open","sticky":false,"template":"","format":"standard","meta":{"footnotes":""},"categories":[75],"tags":[],"class_list":["post-1906","post","type-post","status-publish","format-standard","has-post-thumbnail","hentry","category-partnereink"],"_links":{"self":[{"href":"https:\/\/katolikusifjusagialapitvany.hu\/index.php?rest_route=\/wp\/v2\/posts\/1906","targetHints":{"allow":["GET"]}}],"collection":[{"href":"https:\/\/katolikusifjusagialapitvany.hu\/index.php?rest_route=\/wp\/v2\/posts"}],"about":[{"href":"https:\/\/katolikusifjusagialapitvany.hu\/index.php?rest_route=\/wp\/v2\/types\/post"}],"author":[{"embeddable":true,"href":"https:\/\/katolikusifjusagialapitvany.hu\/index.php?rest_route=\/wp\/v2\/users\/1"}],"replies":[{"embeddable":true,"href":"https:\/\/katolikusifjusagialapitvany.hu\/index.php?rest_route=%2Fwp%2Fv2%2Fcomments&post=1906"}],"version-history":[{"count":1,"href":"https:\/\/katolikusifjusagialapitvany.hu\/index.php?rest_route=\/wp\/v2\/posts\/1906\/revisions"}],"predecessor-version":[{"id":1908,"href":"https:\/\/katolikusifjusagialapitvany.hu\/index.php?rest_route=\/wp\/v2\/posts\/1906\/revisions\/1908"}],"wp:featuredmedia":[{"embeddable":true,"href":"https:\/\/katolikusifjusagialapitvany.hu\/index.php?rest_route=\/wp\/v2\/media\/1907"}],"wp:attachment":[{"href":"https:\/\/katolikusifjusagialapitvany.hu\/index.php?rest_route=%2Fwp%2Fv2%2Fmedia&parent=1906"}],"wp:term":[{"taxonomy":"category","embeddable":true,"href":"https:\/\/katolikusifjusagialapitvany.hu\/index.php?rest_route=%2Fwp%2Fv2%2Fcategories&post=1906"},{"taxonomy":"post_tag","embeddable":true,"href":"https:\/\/katolikusifjusagialapitvany.hu\/index.php?rest_route=%2Fwp%2Fv2%2Ftags&post=1906"}],"curies":[{"name":"wp","href":"https:\/\/api.w.org\/{rel}","templated":true}]}}