{"id":1988,"date":"2024-07-09T16:13:25","date_gmt":"2024-07-09T16:13:25","guid":{"rendered":"https:\/\/katolikusifjusagialapitvany.hu\/?p=1988"},"modified":"2024-07-09T16:13:26","modified_gmt":"2024-07-09T16:13:26","slug":"stand-up-for-europe","status":"publish","type":"post","link":"https:\/\/katolikusifjusagialapitvany.hu\/?p=1988","title":{"rendered":"Stand Up for Europe!"},"content":{"rendered":"\n<p>\u00c1llj ki Eur\u00f3p\u00e1\u00e9rt: \u00e9rvel\u00e9si tr\u00e9ning antidemokratikus jelszavak ellen<\/p>\n\n\n\n<p>Az &#8222;\u00c9rvel\u00e9si tr\u00e9ning antidemokratikus szlogenek ellen&#8221; egy bev\u00e1lt koncepci\u00f3 arra, hogy megtanuljuk, hogyan lehet a mindennapi \u00e9letben hat\u00e9konyan fell\u00e9pni a populista szlogenek ellen. A projekt, amelyet az \u00e9rvel\u00e9si tr\u00e9ning &#8222;feltal\u00e1l\u00f3j\u00e1val&#8221;, Klaus-Peter Huferrel k\u00f6z\u00f6sen dolgoztak ki, aktualiz\u00e1lja a tr\u00e9ninget, \u00e9s kiterjeszti azt az eur\u00f3pai \u00e9rt\u00e9kekre \u00e9s v\u00e1ltozatokra.<\/p>\n\n\n\n<p>Ezt a projektet a k\u00f6vetkez\u0151k t\u00e1mogatj\u00e1k: Erasmus+<\/p>\n\n\n\n<p>Hivatkoz\u00e1si sz\u00e1m: KA220-VET-CF93ED64<\/p>\n\n\n\n<p>T\u00e1mogat\u00e1si id\u0151szak: 2023.03.01-t\u0151l 2026.02.28-ig.<\/p>\n\n\n\n<p>F\u0151 kedvezm\u00e9nyezett: Akademie Klausenhof (N\u00e9metorsz\u00e1g)<\/p>\n\n\n\n<p>A projekt eredm\u00e9nyei:<\/p>\n\n\n\n<ul class=\"wp-block-list\">\n<li>J\u00f3 gyakorlatok cser\u00e9je<\/li>\n\n\n\n<li>K\u00e9zik\u00f6nyv\/tanterv \u00c1llj ki Eur\u00f3p\u00e1\u00e9rt!<\/li>\n\n\n\n<li>Online tanul\u00e1si platform<\/li>\n<\/ul>\n\n\n\n<p>Partnerek:<\/p>\n\n\n\n<ul class=\"wp-block-list\">\n<li>Akademie Klausenhof (N\u00e9metorsz\u00e1g)<\/li>\n\n\n\n<li><a href=\"https:\/\/www.uni-augsburg.de\/\" target=\"_blank\" rel=\"noreferrer noopener\">Universit\u00e4t Augsburg<\/a>\u00a0(N\u00e9metorsz\u00e1g)<\/li>\n\n\n\n<li><a href=\"https:\/\/www.progettareineuropa.com\/\" target=\"_blank\" rel=\"noreferrer noopener\">InEuropa<\/a>\u00a0(Olaszorsz\u00e1g) \u00a0\u00a0\u00a0\u00a0\u00a0\u00a0\u00a0\u00a0\u00a0\u00a0\u00a0\u00a0\u00a0\u00a0\u00a0\u00a0\u00a0\u00a0\u00a0\u00a0\u00a0<\/li>\n\n\n\n<li><a href=\"https:\/\/kibrisdoga.com\/en\/home\" target=\"_blank\" rel=\"noreferrer noopener\">Do\u011fa Schools<\/a>\u00a0(T\u00f6r\u00f6korsz\u00e1g)<\/li>\n\n\n\n<li><a href=\"https:\/\/socialna-akademija.si\/\" target=\"_blank\" rel=\"noreferrer noopener\">Sozialakademie<\/a>\u00a0(Szlov\u00e9nia)<\/li>\n<\/ul>\n\n\n\n<figure class=\"wp-block-image size-full\"><img loading=\"lazy\" decoding=\"async\" width=\"490\" height=\"103\" src=\"https:\/\/katolikusifjusagialapitvany.hu\/wp-content\/uploads\/2024\/07\/EU-logo-kotelezo-1.png\" alt=\"\" class=\"wp-image-1989\" srcset=\"https:\/\/katolikusifjusagialapitvany.hu\/wp-content\/uploads\/2024\/07\/EU-logo-kotelezo-1.png 490w, https:\/\/katolikusifjusagialapitvany.hu\/wp-content\/uploads\/2024\/07\/EU-logo-kotelezo-1-300x63.png 300w\" sizes=\"auto, (max-width: 490px) 100vw, 490px\" \/><\/figure>\n\n\n\n<p><\/p>\n\n\n\n<p>Projekt weboldala:<\/p>\n\n\n\n<figure class=\"wp-block-embed is-type-wp-embed is-provider-stand-up-for-europe wp-block-embed-stand-up-for-europe\"><div class=\"wp-block-embed__wrapper\">\n<blockquote class=\"wp-embedded-content\" data-secret=\"w5Zq8bsu3L\"><a href=\"https:\/\/www.standup4.eu\/\">Homepage<\/a><\/blockquote><iframe loading=\"lazy\" class=\"wp-embedded-content\" sandbox=\"allow-scripts\" security=\"restricted\" style=\"position: absolute; clip: rect(1px, 1px, 1px, 1px);\" title=\"&#8220;Homepage&#8221; &#8212; Stand UP for Europe\" src=\"https:\/\/www.standup4.eu\/embed\/#?secret=8paBbIgPHR#?secret=w5Zq8bsu3L\" data-secret=\"w5Zq8bsu3L\" width=\"600\" height=\"338\" frameborder=\"0\" marginwidth=\"0\" marginheight=\"0\" scrolling=\"no\"><\/iframe>\n<\/div><\/figure>\n","protected":false},"excerpt":{"rendered":"<p>\u00c1llj ki Eur\u00f3p\u00e1\u00e9rt: \u00e9rvel\u00e9si tr\u00e9ning antidemokratikus jelszavak ellen Az &#8222;\u00c9rvel\u00e9si<\/p>\n","protected":false},"author":1,"featured_media":1981,"comment_status":"open","ping_status":"open","sticky":false,"template":"","format":"standard","meta":{"footnotes":""},"categories":[78,42,28,75],"tags":[],"class_list":["post-1988","post","type-post","status-publish","format-standard","has-post-thumbnail","hentry","category-bemutatkozo","category-erasmus","category-ifjusag","category-partnereink"],"_links":{"self":[{"href":"https:\/\/katolikusifjusagialapitvany.hu\/index.php?rest_route=\/wp\/v2\/posts\/1988","targetHints":{"allow":["GET"]}}],"collection":[{"href":"https:\/\/katolikusifjusagialapitvany.hu\/index.php?rest_route=\/wp\/v2\/posts"}],"about":[{"href":"https:\/\/katolikusifjusagialapitvany.hu\/index.php?rest_route=\/wp\/v2\/types\/post"}],"author":[{"embeddable":true,"href":"https:\/\/katolikusifjusagialapitvany.hu\/index.php?rest_route=\/wp\/v2\/users\/1"}],"replies":[{"embeddable":true,"href":"https:\/\/katolikusifjusagialapitvany.hu\/index.php?rest_route=%2Fwp%2Fv2%2Fcomments&post=1988"}],"version-history":[{"count":1,"href":"https:\/\/katolikusifjusagialapitvany.hu\/index.php?rest_route=\/wp\/v2\/posts\/1988\/revisions"}],"predecessor-version":[{"id":1990,"href":"https:\/\/katolikusifjusagialapitvany.hu\/index.php?rest_route=\/wp\/v2\/posts\/1988\/revisions\/1990"}],"wp:featuredmedia":[{"embeddable":true,"href":"https:\/\/katolikusifjusagialapitvany.hu\/index.php?rest_route=\/wp\/v2\/media\/1981"}],"wp:attachment":[{"href":"https:\/\/katolikusifjusagialapitvany.hu\/index.php?rest_route=%2Fwp%2Fv2%2Fmedia&parent=1988"}],"wp:term":[{"taxonomy":"category","embeddable":true,"href":"https:\/\/katolikusifjusagialapitvany.hu\/index.php?rest_route=%2Fwp%2Fv2%2Fcategories&post=1988"},{"taxonomy":"post_tag","embeddable":true,"href":"https:\/\/katolikusifjusagialapitvany.hu\/index.php?rest_route=%2Fwp%2Fv2%2Ftags&post=1988"}],"curies":[{"name":"wp","href":"https:\/\/api.w.org\/{rel}","templated":true}]}}