{"id":2164,"date":"2025-02-24T09:43:27","date_gmt":"2025-02-24T09:43:27","guid":{"rendered":"https:\/\/katolikusifjusagialapitvany.hu\/?p=2164"},"modified":"2025-02-24T09:43:28","modified_gmt":"2025-02-24T09:43:28","slug":"ujvideki-projekt-talalkozo","status":"publish","type":"post","link":"https:\/\/katolikusifjusagialapitvany.hu\/?p=2164","title":{"rendered":"\u00dajvid\u00e9ki projekt tal\u00e1lkoz\u00f3"},"content":{"rendered":"\n<figure class=\"wp-block-gallery has-nested-images columns-default is-cropped wp-block-gallery-1 is-layout-flex wp-block-gallery-is-layout-flex\">\n<figure class=\"wp-block-image size-large\"><img loading=\"lazy\" decoding=\"async\" width=\"540\" height=\"541\" data-id=\"2165\" src=\"https:\/\/katolikusifjusagialapitvany.hu\/wp-content\/uploads\/2025\/02\/parks4all3.jpg\" alt=\"\" class=\"wp-image-2165\" srcset=\"https:\/\/katolikusifjusagialapitvany.hu\/wp-content\/uploads\/2025\/02\/parks4all3.jpg 540w, https:\/\/katolikusifjusagialapitvany.hu\/wp-content\/uploads\/2025\/02\/parks4all3-300x300.jpg 300w, https:\/\/katolikusifjusagialapitvany.hu\/wp-content\/uploads\/2025\/02\/parks4all3-150x150.jpg 150w\" sizes=\"auto, (max-width: 540px) 100vw, 540px\" \/><\/figure>\n\n\n\n<figure class=\"wp-block-image size-large\"><img loading=\"lazy\" decoding=\"async\" width=\"540\" height=\"541\" data-id=\"2166\" src=\"https:\/\/katolikusifjusagialapitvany.hu\/wp-content\/uploads\/2025\/02\/parks4all6.jpg\" alt=\"\" class=\"wp-image-2166\" srcset=\"https:\/\/katolikusifjusagialapitvany.hu\/wp-content\/uploads\/2025\/02\/parks4all6.jpg 540w, https:\/\/katolikusifjusagialapitvany.hu\/wp-content\/uploads\/2025\/02\/parks4all6-300x300.jpg 300w, https:\/\/katolikusifjusagialapitvany.hu\/wp-content\/uploads\/2025\/02\/parks4all6-150x150.jpg 150w\" sizes=\"auto, (max-width: 540px) 100vw, 540px\" \/><\/figure>\n\n\n\n<figure class=\"wp-block-image size-large\"><img loading=\"lazy\" decoding=\"async\" width=\"540\" height=\"541\" data-id=\"2167\" src=\"https:\/\/katolikusifjusagialapitvany.hu\/wp-content\/uploads\/2025\/02\/parks4all-4.jpg\" alt=\"\" class=\"wp-image-2167\" srcset=\"https:\/\/katolikusifjusagialapitvany.hu\/wp-content\/uploads\/2025\/02\/parks4all-4.jpg 540w, https:\/\/katolikusifjusagialapitvany.hu\/wp-content\/uploads\/2025\/02\/parks4all-4-300x300.jpg 300w, https:\/\/katolikusifjusagialapitvany.hu\/wp-content\/uploads\/2025\/02\/parks4all-4-150x150.jpg 150w\" sizes=\"auto, (max-width: 540px) 100vw, 540px\" \/><\/figure>\n\n\n\n<figure class=\"wp-block-image size-large\"><img loading=\"lazy\" decoding=\"async\" width=\"540\" height=\"541\" data-id=\"2168\" src=\"https:\/\/katolikusifjusagialapitvany.hu\/wp-content\/uploads\/2025\/02\/parks4all-1.jpg\" alt=\"\" class=\"wp-image-2168\" srcset=\"https:\/\/katolikusifjusagialapitvany.hu\/wp-content\/uploads\/2025\/02\/parks4all-1.jpg 540w, https:\/\/katolikusifjusagialapitvany.hu\/wp-content\/uploads\/2025\/02\/parks4all-1-300x300.jpg 300w, https:\/\/katolikusifjusagialapitvany.hu\/wp-content\/uploads\/2025\/02\/parks4all-1-150x150.jpg 150w\" sizes=\"auto, (max-width: 540px) 100vw, 540px\" \/><\/figure>\n\n\n\n<figure class=\"wp-block-image size-large\"><img loading=\"lazy\" decoding=\"async\" width=\"540\" height=\"541\" data-id=\"2171\" src=\"https:\/\/katolikusifjusagialapitvany.hu\/wp-content\/uploads\/2025\/02\/parks4-all-5.jpg\" alt=\"\" class=\"wp-image-2171\" srcset=\"https:\/\/katolikusifjusagialapitvany.hu\/wp-content\/uploads\/2025\/02\/parks4-all-5.jpg 540w, https:\/\/katolikusifjusagialapitvany.hu\/wp-content\/uploads\/2025\/02\/parks4-all-5-300x300.jpg 300w, https:\/\/katolikusifjusagialapitvany.hu\/wp-content\/uploads\/2025\/02\/parks4-all-5-150x150.jpg 150w\" sizes=\"auto, (max-width: 540px) 100vw, 540px\" \/><\/figure>\n\n\n\n<figure class=\"wp-block-image size-large\"><img loading=\"lazy\" decoding=\"async\" width=\"540\" height=\"541\" data-id=\"2170\" src=\"https:\/\/katolikusifjusagialapitvany.hu\/wp-content\/uploads\/2025\/02\/parks4all2.jpg\" alt=\"\" class=\"wp-image-2170\" srcset=\"https:\/\/katolikusifjusagialapitvany.hu\/wp-content\/uploads\/2025\/02\/parks4all2.jpg 540w, https:\/\/katolikusifjusagialapitvany.hu\/wp-content\/uploads\/2025\/02\/parks4all2-300x300.jpg 300w, https:\/\/katolikusifjusagialapitvany.hu\/wp-content\/uploads\/2025\/02\/parks4all2-150x150.jpg 150w\" sizes=\"auto, (max-width: 540px) 100vw, 540px\" \/><\/figure>\n\n\n\n<figure class=\"wp-block-image size-large\"><img loading=\"lazy\" decoding=\"async\" width=\"540\" height=\"541\" data-id=\"2169\" src=\"https:\/\/katolikusifjusagialapitvany.hu\/wp-content\/uploads\/2025\/02\/fokep-1.jpg\" alt=\"\" class=\"wp-image-2169\" srcset=\"https:\/\/katolikusifjusagialapitvany.hu\/wp-content\/uploads\/2025\/02\/fokep-1.jpg 540w, https:\/\/katolikusifjusagialapitvany.hu\/wp-content\/uploads\/2025\/02\/fokep-1-300x300.jpg 300w, https:\/\/katolikusifjusagialapitvany.hu\/wp-content\/uploads\/2025\/02\/fokep-1-150x150.jpg 150w\" sizes=\"auto, (max-width: 540px) 100vw, 540px\" \/><\/figure>\n<\/figure>\n\n\n\n<p><img loading=\"lazy\" decoding=\"async\" height=\"16\" width=\"16\" src=\"https:\/\/ci3.googleusercontent.com\/meips\/ADKq_NalgC720be8Qv3KTZhyQWz_aOrm5YZvNKhTpLFkxRjUSr9wkZ9ocgSsoAtpN4ub36ZOC8cmniA91RvnC8LgaecbfYNdYtmUqL0eRxcAhLhcsQzm95EAeYNAt9SQMl8=s0-d-e1-ft#https:\/\/static.xx.fbcdn.net\/images\/emoji.php\/v9\/t20\/1\/16\/1f1ed_1f1fa.png\" alt=\"\ud83c\udded\ud83c\uddfa\">Eredm\u00e9nyes \u00e9s j\u00f3 hangulat\u00fa projekt tal\u00e1lkoz\u00f3n (kick off meeting) vettek r\u00e9szt a Katolikus Ifj\u00fas\u00e1gi Alap\u00edtv\u00e1ny munkat\u00e1rsai \u00dajvid\u00e9ken a Parks4All projekt keret\u00e9ben 2024 szeptember 9 \u00e9s 11 k\u00f6z\u00f6tt.<\/p>\n\n\n\n<p><img loading=\"lazy\" decoding=\"async\" height=\"16\" width=\"16\" alt=\"\ud83c\uddec\ud83c\udde7\" src=\"https:\/\/ci3.googleusercontent.com\/meips\/ADKq_NauKmVidLqAwRlEr15vBu1vY7BYZOEHH1RFRK0TYjA_rXaFnn2K5gNdrQRlFZAKR87KaV0XvQfzbLuCN8RTWU92hmtI0LVcK8SQiMtXESRrrHEWhw-eh6XEedXeSRs=s0-d-e1-ft#https:\/\/static.xx.fbcdn.net\/images\/emoji.php\/v9\/t96\/1\/16\/1f1ec_1f1e7.png\">The staff of the Catholic Youth Foundation took part in a kick off meeting in Novi Sad in the framework of the Parks4All project between 9 and 11 September 2024.<\/p>\n\n\n\n<p>Projektpartenerek:<\/p>\n\n\n\n<p><a><\/a><img loading=\"lazy\" decoding=\"async\" height=\"16\" width=\"16\" alt=\"\ud83d\udccc\" src=\"https:\/\/ci3.googleusercontent.com\/meips\/ADKq_Na-UlaJP47HX4BwruBW28Vy9WkqwDZi1Ftt0amaS_kVz-NDWm_RvIzbwLpwIBiPmikAmyEy9RGMpJFy5GpLYOKWwJpoCXPwZrYtjkkhIpBUqkdHESoGigE=s0-d-e1-ft#https:\/\/static.xx.fbcdn.net\/images\/emoji.php\/v9\/tac\/1\/16\/1f4cc.png\"><a href=\"https:\/\/www.facebook.com\/cinemacityudruzenje?__cft__[0]=AZVPWZe7hDT85-ci6OaoGH2jbrHWT1QoILY4o30aWPolYqZpVfvKhco-qa-v-qsvrP1Q2Ph0mD1wkooAs5JusvszXLGciAzo2VTu4-IVTOasCkHiDz6bRXQUk0WTALa4urheaCWmKi6RhPThfprsJPR-zSYju6HkBeAfuS_YuWBM4vE-M1gQigdDndIJQN91X8c&amp;__tn__=-]K-R\" target=\"_blank\" rel=\"noreferrer noopener\">Cinema City<\/a>&nbsp;(Serbia)<\/p>\n\n\n\n<p><img loading=\"lazy\" decoding=\"async\" height=\"16\" width=\"16\" alt=\"\ud83d\udccc\" src=\"https:\/\/ci3.googleusercontent.com\/meips\/ADKq_Na-UlaJP47HX4BwruBW28Vy9WkqwDZi1Ftt0amaS_kVz-NDWm_RvIzbwLpwIBiPmikAmyEy9RGMpJFy5GpLYOKWwJpoCXPwZrYtjkkhIpBUqkdHESoGigE=s0-d-e1-ft#https:\/\/static.xx.fbcdn.net\/images\/emoji.php\/v9\/tac\/1\/16\/1f4cc.png\">DDTG Danube Development Transnational Group (Hungary)<\/p>\n\n\n\n<p><img loading=\"lazy\" decoding=\"async\" height=\"16\" width=\"16\" alt=\"\ud83d\udccc\" src=\"https:\/\/ci3.googleusercontent.com\/meips\/ADKq_Na-UlaJP47HX4BwruBW28Vy9WkqwDZi1Ftt0amaS_kVz-NDWm_RvIzbwLpwIBiPmikAmyEy9RGMpJFy5GpLYOKWwJpoCXPwZrYtjkkhIpBUqkdHESoGigE=s0-d-e1-ft#https:\/\/static.xx.fbcdn.net\/images\/emoji.php\/v9\/tac\/1\/16\/1f4cc.png\"><a href=\"https:\/\/www.facebook.com\/wemsical.serbia?__cft__[0]=AZVPWZe7hDT85-ci6OaoGH2jbrHWT1QoILY4o30aWPolYqZpVfvKhco-qa-v-qsvrP1Q2Ph0mD1wkooAs5JusvszXLGciAzo2VTu4-IVTOasCkHiDz6bRXQUk0WTALa4urheaCWmKi6RhPThfprsJPR-zSYju6HkBeAfuS_YuWBM4vE-M1gQigdDndIJQN91X8c&amp;__tn__=-]K-R\" target=\"_blank\" rel=\"noreferrer noopener\">Wemsical Serbia<\/a>&nbsp;(Serbia)<\/p>\n\n\n\n<p><img loading=\"lazy\" decoding=\"async\" height=\"16\" width=\"16\" alt=\"\ud83d\udccc\" src=\"https:\/\/ci3.googleusercontent.com\/meips\/ADKq_Na-UlaJP47HX4BwruBW28Vy9WkqwDZi1Ftt0amaS_kVz-NDWm_RvIzbwLpwIBiPmikAmyEy9RGMpJFy5GpLYOKWwJpoCXPwZrYtjkkhIpBUqkdHESoGigE=s0-d-e1-ft#https:\/\/static.xx.fbcdn.net\/images\/emoji.php\/v9\/tac\/1\/16\/1f4cc.png\"><a href=\"https:\/\/www.facebook.com\/NoviSad2022?__cft__[0]=AZVPWZe7hDT85-ci6OaoGH2jbrHWT1QoILY4o30aWPolYqZpVfvKhco-qa-v-qsvrP1Q2Ph0mD1wkooAs5JusvszXLGciAzo2VTu4-IVTOasCkHiDz6bRXQUk0WTALa4urheaCWmKi6RhPThfprsJPR-zSYju6HkBeAfuS_YuWBM4vE-M1gQigdDndIJQN91X8c&amp;__tn__=-]K-R\" target=\"_blank\" rel=\"noreferrer noopener\">Novi Sad 2022<\/a>&nbsp;(Serbia)<\/p>\n\n\n\n<p><a href=\"https:\/\/www.facebook.com\/hashtag\/interreg?__eep__=6&amp;__cft__[0]=AZVPWZe7hDT85-ci6OaoGH2jbrHWT1QoILY4o30aWPolYqZpVfvKhco-qa-v-qsvrP1Q2Ph0mD1wkooAs5JusvszXLGciAzo2VTu4-IVTOasCkHiDz6bRXQUk0WTALa4urheaCWmKi6RhPThfprsJPR-zSYju6HkBeAfuS_YuWBM4vE-M1gQigdDndIJQN91X8c&amp;__tn__=*NK-R\" target=\"_blank\" rel=\"noreferrer noopener\">#Interreg<\/a>\u00a0<a href=\"https:\/\/www.facebook.com\/hashtag\/hungaryserbia?__eep__=6&amp;__cft__[0]=AZVPWZe7hDT85-ci6OaoGH2jbrHWT1QoILY4o30aWPolYqZpVfvKhco-qa-v-qsvrP1Q2Ph0mD1wkooAs5JusvszXLGciAzo2VTu4-IVTOasCkHiDz6bRXQUk0WTALa4urheaCWmKi6RhPThfprsJPR-zSYju6HkBeAfuS_YuWBM4vE-M1gQigdDndIJQN91X8c&amp;__tn__=*NK-R\" target=\"_blank\" rel=\"noreferrer noopener\">#HungarySerbia<\/a>\u00a0<a href=\"https:\/\/www.facebook.com\/hashtag\/husrb?__eep__=6&amp;__cft__[0]=AZVPWZe7hDT85-ci6OaoGH2jbrHWT1QoILY4o30aWPolYqZpVfvKhco-qa-v-qsvrP1Q2Ph0mD1wkooAs5JusvszXLGciAzo2VTu4-IVTOasCkHiDz6bRXQUk0WTALa4urheaCWmKi6RhPThfprsJPR-zSYju6HkBeAfuS_YuWBM4vE-M1gQigdDndIJQN91X8c&amp;__tn__=*NK-R\" target=\"_blank\" rel=\"noreferrer noopener\">#husrb<\/a>\u00a0<a href=\"https:\/\/www.facebook.com\/hashtag\/parks4all?__eep__=6&amp;__cft__[0]=AZVPWZe7hDT85-ci6OaoGH2jbrHWT1QoILY4o30aWPolYqZpVfvKhco-qa-v-qsvrP1Q2Ph0mD1wkooAs5JusvszXLGciAzo2VTu4-IVTOasCkHiDz6bRXQUk0WTALa4urheaCWmKi6RhPThfprsJPR-zSYju6HkBeAfuS_YuWBM4vE-M1gQigdDndIJQN91X8c&amp;__tn__=*NK-R\" target=\"_blank\" rel=\"noreferrer noopener\">#Parks4All<\/a>\u00a0<a href=\"https:\/\/www.facebook.com\/hashtag\/hungary?__eep__=6&amp;__cft__[0]=AZVPWZe7hDT85-ci6OaoGH2jbrHWT1QoILY4o30aWPolYqZpVfvKhco-qa-v-qsvrP1Q2Ph0mD1wkooAs5JusvszXLGciAzo2VTu4-IVTOasCkHiDz6bRXQUk0WTALa4urheaCWmKi6RhPThfprsJPR-zSYju6HkBeAfuS_YuWBM4vE-M1gQigdDndIJQN91X8c&amp;__tn__=*NK-R\" target=\"_blank\" rel=\"noreferrer noopener\">#Hungary<\/a>\u00a0<a href=\"https:\/\/www.facebook.com\/hashtag\/serbia?__eep__=6&amp;__cft__[0]=AZVPWZe7hDT85-ci6OaoGH2jbrHWT1QoILY4o30aWPolYqZpVfvKhco-qa-v-qsvrP1Q2Ph0mD1wkooAs5JusvszXLGciAzo2VTu4-IVTOasCkHiDz6bRXQUk0WTALa4urheaCWmKi6RhPThfprsJPR-zSYju6HkBeAfuS_YuWBM4vE-M1gQigdDndIJQN91X8c&amp;__tn__=*NK-R\" target=\"_blank\" rel=\"noreferrer noopener\">#Serbia<\/a><a href=\"https:\/\/www.facebook.com\/hashtag\/cinemacity?__eep__=6&amp;__cft__[0]=AZVPWZe7hDT85-ci6OaoGH2jbrHWT1QoILY4o30aWPolYqZpVfvKhco-qa-v-qsvrP1Q2Ph0mD1wkooAs5JusvszXLGciAzo2VTu4-IVTOasCkHiDz6bRXQUk0WTALa4urheaCWmKi6RhPThfprsJPR-zSYju6HkBeAfuS_YuWBM4vE-M1gQigdDndIJQN91X8c&amp;__tn__=*NK-R\" target=\"_blank\" rel=\"noreferrer noopener\">#CinemaCity<\/a>\u00a0<a href=\"https:\/\/www.facebook.com\/hashtag\/novisad2022?__eep__=6&amp;__cft__[0]=AZVPWZe7hDT85-ci6OaoGH2jbrHWT1QoILY4o30aWPolYqZpVfvKhco-qa-v-qsvrP1Q2Ph0mD1wkooAs5JusvszXLGciAzo2VTu4-IVTOasCkHiDz6bRXQUk0WTALa4urheaCWmKi6RhPThfprsJPR-zSYju6HkBeAfuS_YuWBM4vE-M1gQigdDndIJQN91X8c&amp;__tn__=*NK-R\" target=\"_blank\" rel=\"noreferrer noopener\">#NoviSad2022<\/a>\u00a0<a href=\"https:\/\/www.facebook.com\/hashtag\/wemsicalserbiayouthassociation?__eep__=6&amp;__cft__[0]=AZVPWZe7hDT85-ci6OaoGH2jbrHWT1QoILY4o30aWPolYqZpVfvKhco-qa-v-qsvrP1Q2Ph0mD1wkooAs5JusvszXLGciAzo2VTu4-IVTOasCkHiDz6bRXQUk0WTALa4urheaCWmKi6RhPThfprsJPR-zSYju6HkBeAfuS_YuWBM4vE-M1gQigdDndIJQN91X8c&amp;__tn__=*NK-R\" target=\"_blank\" rel=\"noreferrer noopener\">#WemsicalSerbiaYouthAssociation<\/a>\u00a0<a href=\"https:\/\/www.facebook.com\/hashtag\/wemsical?__eep__=6&amp;__cft__[0]=AZVPWZe7hDT85-ci6OaoGH2jbrHWT1QoILY4o30aWPolYqZpVfvKhco-qa-v-qsvrP1Q2Ph0mD1wkooAs5JusvszXLGciAzo2VTu4-IVTOasCkHiDz6bRXQUk0WTALa4urheaCWmKi6RhPThfprsJPR-zSYju6HkBeAfuS_YuWBM4vE-M1gQigdDndIJQN91X8c&amp;__tn__=*NK-R\" target=\"_blank\" rel=\"noreferrer noopener\">#Wemsical<\/a>\u00a0<a href=\"https:\/\/www.facebook.com\/hashtag\/ddtg?__eep__=6&amp;__cft__[0]=AZVPWZe7hDT85-ci6OaoGH2jbrHWT1QoILY4o30aWPolYqZpVfvKhco-qa-v-qsvrP1Q2Ph0mD1wkooAs5JusvszXLGciAzo2VTu4-IVTOasCkHiDz6bRXQUk0WTALa4urheaCWmKi6RhPThfprsJPR-zSYju6HkBeAfuS_YuWBM4vE-M1gQigdDndIJQN91X8c&amp;__tn__=*NK-R\" target=\"_blank\" rel=\"noreferrer noopener\">#DDTG<\/a>\u00a0<a href=\"https:\/\/www.facebook.com\/hashtag\/catholicyouthfoundation?__eep__=6&amp;__cft__[0]=AZVPWZe7hDT85-ci6OaoGH2jbrHWT1QoILY4o30aWPolYqZpVfvKhco-qa-v-qsvrP1Q2Ph0mD1wkooAs5JusvszXLGciAzo2VTu4-IVTOasCkHiDz6bRXQUk0WTALa4urheaCWmKi6RhPThfprsJPR-zSYju6HkBeAfuS_YuWBM4vE-M1gQigdDndIJQN91X8c&amp;__tn__=*NK-R\" target=\"_blank\" rel=\"noreferrer noopener\">#CatholicYouthFoundation<\/a><\/p>\n\n\n\n<p class=\"has-text-align-left\">This project is realized with the financial assistance of the European Union through the Interreg VI-A IPA Hungary-Serbia programme. The content of this text is the sole responsibility of Catholic Youth Foundation and can under no circumstances be regarded as reflecting the position of the European Union and\/or the Managing Authority of the Programme. The project partners are:\u00a0<a href=\"https:\/\/www.cinemacity.org\/\" target=\"_blank\" rel=\"noreferrer noopener\">Cinema City (Srb, Lead partner)<\/a>,\u00a0<a href=\"http:\/\/novisad2022.rs\/\" target=\"_blank\" rel=\"noreferrer noopener\">&#8222;Novi Sad &#8211; European Capital of Culture&#8221; Foundation (Srb)<\/a>,\u00a0<a href=\"http:\/\/www.wemsical.com\/\" target=\"_blank\" rel=\"noreferrer noopener\">Youth and Cultural Association &#8222;WEMSICAL SERBIA&#8221; (Srb)<\/a>, DDTG Danube Development Transnational Group (Hu) and\u00a0<a href=\"http:\/\/katolikusifjusagialapitvany.hu\/\" target=\"_blank\" rel=\"noreferrer noopener\">Catholic Youth Foundation (Hu)<\/a>.<\/p>\n\n\n\n<p><\/p>\n","protected":false},"excerpt":{"rendered":"<p>Eredm\u00e9nyes \u00e9s j\u00f3 hangulat\u00fa projekt tal\u00e1lkoz\u00f3n (kick off meeting) vettek<\/p>\n","protected":false},"author":1,"featured_media":0,"comment_status":"open","ping_status":"open","sticky":false,"template":"","format":"standard","meta":{"footnotes":""},"categories":[1],"tags":[100,99,97,98],"class_list":["post-2164","post","type-post","status-publish","format-standard","hentry","category-uncategorized","tag-europa","tag-kickoffmeeting","tag-standup4eu","tag-ujvidek"],"_links":{"self":[{"href":"https:\/\/katolikusifjusagialapitvany.hu\/index.php?rest_route=\/wp\/v2\/posts\/2164","targetHints":{"allow":["GET"]}}],"collection":[{"href":"https:\/\/katolikusifjusagialapitvany.hu\/index.php?rest_route=\/wp\/v2\/posts"}],"about":[{"href":"https:\/\/katolikusifjusagialapitvany.hu\/index.php?rest_route=\/wp\/v2\/types\/post"}],"author":[{"embeddable":true,"href":"https:\/\/katolikusifjusagialapitvany.hu\/index.php?rest_route=\/wp\/v2\/users\/1"}],"replies":[{"embeddable":true,"href":"https:\/\/katolikusifjusagialapitvany.hu\/index.php?rest_route=%2Fwp%2Fv2%2Fcomments&post=2164"}],"version-history":[{"count":1,"href":"https:\/\/katolikusifjusagialapitvany.hu\/index.php?rest_route=\/wp\/v2\/posts\/2164\/revisions"}],"predecessor-version":[{"id":2172,"href":"https:\/\/katolikusifjusagialapitvany.hu\/index.php?rest_route=\/wp\/v2\/posts\/2164\/revisions\/2172"}],"wp:attachment":[{"href":"https:\/\/katolikusifjusagialapitvany.hu\/index.php?rest_route=%2Fwp%2Fv2%2Fmedia&parent=2164"}],"wp:term":[{"taxonomy":"category","embeddable":true,"href":"https:\/\/katolikusifjusagialapitvany.hu\/index.php?rest_route=%2Fwp%2Fv2%2Fcategories&post=2164"},{"taxonomy":"post_tag","embeddable":true,"href":"https:\/\/katolikusifjusagialapitvany.hu\/index.php?rest_route=%2Fwp%2Fv2%2Ftags&post=2164"}],"curies":[{"name":"wp","href":"https:\/\/api.w.org\/{rel}","templated":true}]}}