{"id":2178,"date":"2025-03-13T08:45:34","date_gmt":"2025-03-13T08:45:34","guid":{"rendered":"https:\/\/katolikusifjusagialapitvany.hu\/?p=2178"},"modified":"2025-03-13T08:45:35","modified_gmt":"2025-03-13T08:45:35","slug":"nonap-marcius-8","status":"publish","type":"post","link":"https:\/\/katolikusifjusagialapitvany.hu\/?p=2178","title":{"rendered":"N\u0151nap- M\u00e1rcius 8."},"content":{"rendered":"\n<figure class=\"wp-block-image size-full\"><img loading=\"lazy\" decoding=\"async\" width=\"526\" height=\"526\" src=\"https:\/\/katolikusifjusagialapitvany.hu\/wp-content\/uploads\/2025\/03\/482262501_122193471926119364_8882134770305193275_n.jpg\" alt=\"\" class=\"wp-image-2179\" srcset=\"https:\/\/katolikusifjusagialapitvany.hu\/wp-content\/uploads\/2025\/03\/482262501_122193471926119364_8882134770305193275_n.jpg 526w, https:\/\/katolikusifjusagialapitvany.hu\/wp-content\/uploads\/2025\/03\/482262501_122193471926119364_8882134770305193275_n-300x300.jpg 300w, https:\/\/katolikusifjusagialapitvany.hu\/wp-content\/uploads\/2025\/03\/482262501_122193471926119364_8882134770305193275_n-150x150.jpg 150w\" sizes=\"auto, (max-width: 526px) 100vw, 526px\" \/><\/figure>\n\n\n\n<p>M\u00e1rcius 8-a, a Nemzetk\u00f6zi N\u0151nap, egy k\u00fcl\u00f6nleges alkalom, amikor a vil\u00e1g minden t\u00e1j\u00e1n \u00fcnnepelhetj\u00fck a n\u0151ket \u2013 tisztelettel, szeretettel \u00e9s h\u00e1l\u00e1val. De vajon mit jelent sz\u00e1munkra ez a nap? Mi\u00e9rt fontos, hogy ne csak egy napra eml\u00e9kezz\u00fcnk meg a n\u0151kr\u0151l, hanem minden nap \u00e9rt\u00e9kelj\u00fck \u00e9s elismerj\u00fck \u0151ket?<\/p>\n\n\n\n<h3 class=\"wp-block-heading\">T\u00f6rt\u00e9nelmi h\u00e1tt\u00e9r<\/h3>\n\n\n\n<p>A N\u0151nap eredete t\u00f6bb mint egy \u00e9vsz\u00e1zadra ny\u00falik vissza. Az els\u0151 Nemzetk\u00f6zi N\u0151napot 1911-ben tartott\u00e1k, \u00e9s c\u00e9lja az volt, hogy felh\u00edvja a figyelmet a n\u0151k t\u00e1rsadalmi, politikai \u00e9s gazdas\u00e1gi jogaira. Az \u00e9vek sor\u00e1n a n\u0151nap glob\u00e1lisan elterjedt, \u00e9s ma m\u00e1r nemcsak a n\u0151k jogainak fontoss\u00e1g\u00e1ra, hanem az \u0151ket megillet\u0151 tiszteletre is eml\u00e9keztet. Az eg\u00e9sz vil\u00e1gon a n\u0151i egyenjog\u00fas\u00e1g\u00e9rt folytatott k\u00fczdelem egyik szimb\u00f3luma lett.<\/p>\n\n\n\n<h3 class=\"wp-block-heading\">Mi\u00e9rt fontos a N\u0151nap?<\/h3>\n\n\n\n<p>B\u00e1r a n\u0151nap hivatalosan csak egy nap, val\u00f3j\u00e1ban egy lehet\u0151s\u00e9g arra, hogy kifejezz\u00fck elismer\u00e9s\u00fcnket minden n\u0151 ir\u00e1nt. Legyen sz\u00f3 \u00e9desany\u00e1kr\u00f3l, nagymam\u00e1kr\u00f3l, testv\u00e9rekr\u0151l, bar\u00e1tn\u0151kr\u0151l vagy munkat\u00e1rsakr\u00f3l, mindegyik\u00fck hozz\u00e1j\u00e1rul a t\u00e1rsadalom fejl\u0151d\u00e9s\u00e9hez \u00e9s gazdag\u00edt\u00e1s\u00e1hoz. A N\u0151nap teh\u00e1t nemcsak egy \u00fcnnep, hanem egy eml\u00e9keztet\u0151 is arra, hogy milyen fontos a n\u0151k szerepe a mindennapi \u00e9let\u00fcnkben.A n\u0151nap seg\u00edt abban is, hogy ne felejts\u00fck el, milyen sok n\u0151 k\u00fczd m\u00e9g mindig az\u00e9rt, hogy megkapja az \u0151t megillet\u0151 tiszteletet, jogokat \u00e9s lehet\u0151s\u00e9geket. Az egyenjog\u00fas\u00e1g\u00e9rt folytatott harc nem fejez\u0151d\u00f6tt be, \u00e9s ezen a napon \u00e9rdemes arra is gondolni, hogyan t\u00e1mogathatjuk a v\u00e1ltoz\u00e1st.<\/p>\n\n\n\n<h3 class=\"wp-block-heading\">Hogyan \u00fcnnepelhetj\u00fck a N\u0151napot?<\/h3>\n\n\n\n<p>A N\u0151nap m\u00e9lt\u00f3 meg\u00fcnnepl\u00e9s\u00e9hez nem sz\u00fcks\u00e9ges dr\u00e1ga aj\u00e1nd\u00e9kokat adni vagy hatalmas rendezv\u00e9nyeket szervezni. Sokkal fontosabb, hogy \u0151szint\u00e9n kifejezz\u00fck elismer\u00e9s\u00fcnket \u00e9s h\u00e1l\u00e1nkat azok ir\u00e1nt, akik nap mint nap \u00e9rt\u00e9kesek sz\u00e1munkra.<\/p>\n\n\n\n<ul class=\"wp-block-list\">\n<li><strong>Egy kedves \u00fczenet<\/strong>: \u00cdrj egy szem\u00e9lyes \u00fczenetet azoknak a n\u0151knek, akik fontosak sz\u00e1modra. Egy apr\u00f3 figyelmess\u00e9g, mint egy dics\u00e9r\u0151 sz\u00f3 vagy egy kis meglepet\u00e9s, m\u00e1ris mosolyt csalhat az arcukra.<\/li>\n\n\n\n<li><strong>Seg\u00edts m\u00e1soknak<\/strong>: A n\u0151nap lehet\u0151s\u00e9get ad arra is, hogy t\u00e1mogassunk olyan n\u0151i szervezeteket vagy kezdem\u00e9nyez\u00e9seket, amelyek a n\u0151i jogok v\u00e9delm\u00e9re \u00e9s el\u0151mozd\u00edt\u00e1s\u00e1ra dolgoznak.<\/li>\n\n\n\n<li><strong>Tartsunk besz\u00e9lget\u00e9seket<\/strong>: Haszn\u00e1ljuk ezt a napot arra, hogy besz\u00e9lget\u00e9seket folytassunk a n\u0151i egyenjog\u00fas\u00e1gr\u00f3l \u00e9s a n\u0151k helyzet\u00e9r\u0151l. Ez seg\u00edthet abban, hogy sz\u00e9lesebb k\u00f6rben tudatosodjon, mennyire fontos a val\u00f3di egyenl\u0151s\u00e9g.<\/li>\n<\/ul>\n\n\n\n<h3 class=\"wp-block-heading\"><\/h3>\n\n\n\n<p>B\u00e1r a N\u0151nap kiemelt figyelmet kap, ne felejts\u00fck el, hogy az igaz\u00e1n fontos elismer\u00e9s a mindennapokban rejlik. A n\u0151k minden nap hozz\u00e1j\u00e1rulnak a vil\u00e1g jobb\u00e1 t\u00e9tel\u00e9hez. Fontos, hogy ne csak ezen a napon, hanem eg\u00e9sz \u00e9vben \u00e9rt\u00e9kelj\u00fck \u00e9s tisztelj\u00fck \u0151ket.<\/p>\n\n\n\n<p>A N\u0151nap teh\u00e1t nemcsak egy alkalom, hanem egy eml\u00e9keztet\u0151 arra, hogy a n\u0151k szerepe \u00e9s hozz\u00e1j\u00e1rul\u00e1sa minden szinten elengedhetetlen. Tartsuk ezt \u00e9szben, \u00e9s ne hagyjuk, hogy a tisztelet \u00e9s az egyenl\u0151s\u00e9g csak egyetlen napra korl\u00e1toz\u00f3djon! M\u00e1rcius 8-a legyen egy olyan nap, amikor nemcsak \u00fcnnepelj\u00fck a n\u0151ket, hanem tisztelettel gondolunk arra, hogy mit jelent a n\u0151i szerep az \u00e9let\u00fcnkben. Egy nap, amikor felid\u00e9zz\u00fck a t\u00f6rt\u00e9nelmet \u00e9s a n\u0151i jogok\u00e9rt tett er\u0151fesz\u00edt\u00e9seket, de egyben egy lehet\u0151s\u00e9g is arra, hogy a j\u00f6v\u0151t egyenl\u0151bb\u00e9 \u00e9s m\u00e9lt\u00e1nyosabb\u00e1 tegy\u00fck mindenki sz\u00e1m\u00e1ra. A n\u0151nap teh\u00e1t nem csup\u00e1n \u00fcnnep, hanem egy \u00fczenet is, amely arra figyelmeztet, hogy minden nap figyelj\u00fcnk egym\u00e1sra, t\u00e1mogassuk \u00e9s tisztelj\u00fck a n\u0151ket, akik k\u00f6r\u00fclvesznek minket.<\/p>\n","protected":false},"excerpt":{"rendered":"<p>M\u00e1rcius 8-a, a Nemzetk\u00f6zi N\u0151nap, egy k\u00fcl\u00f6nleges alkalom, amikor a<\/p>\n","protected":false},"author":1,"featured_media":0,"comment_status":"open","ping_status":"open","sticky":false,"template":"","format":"standard","meta":{"footnotes":""},"categories":[1],"tags":[],"class_list":["post-2178","post","type-post","status-publish","format-standard","hentry","category-uncategorized"],"_links":{"self":[{"href":"https:\/\/katolikusifjusagialapitvany.hu\/index.php?rest_route=\/wp\/v2\/posts\/2178","targetHints":{"allow":["GET"]}}],"collection":[{"href":"https:\/\/katolikusifjusagialapitvany.hu\/index.php?rest_route=\/wp\/v2\/posts"}],"about":[{"href":"https:\/\/katolikusifjusagialapitvany.hu\/index.php?rest_route=\/wp\/v2\/types\/post"}],"author":[{"embeddable":true,"href":"https:\/\/katolikusifjusagialapitvany.hu\/index.php?rest_route=\/wp\/v2\/users\/1"}],"replies":[{"embeddable":true,"href":"https:\/\/katolikusifjusagialapitvany.hu\/index.php?rest_route=%2Fwp%2Fv2%2Fcomments&post=2178"}],"version-history":[{"count":1,"href":"https:\/\/katolikusifjusagialapitvany.hu\/index.php?rest_route=\/wp\/v2\/posts\/2178\/revisions"}],"predecessor-version":[{"id":2180,"href":"https:\/\/katolikusifjusagialapitvany.hu\/index.php?rest_route=\/wp\/v2\/posts\/2178\/revisions\/2180"}],"wp:attachment":[{"href":"https:\/\/katolikusifjusagialapitvany.hu\/index.php?rest_route=%2Fwp%2Fv2%2Fmedia&parent=2178"}],"wp:term":[{"taxonomy":"category","embeddable":true,"href":"https:\/\/katolikusifjusagialapitvany.hu\/index.php?rest_route=%2Fwp%2Fv2%2Fcategories&post=2178"},{"taxonomy":"post_tag","embeddable":true,"href":"https:\/\/katolikusifjusagialapitvany.hu\/index.php?rest_route=%2Fwp%2Fv2%2Ftags&post=2178"}],"curies":[{"name":"wp","href":"https:\/\/api.w.org\/{rel}","templated":true}]}}