{"id":2187,"date":"2025-03-13T09:09:19","date_gmt":"2025-03-13T09:09:19","guid":{"rendered":"https:\/\/katolikusifjusagialapitvany.hu\/?p=2187"},"modified":"2025-03-13T09:09:19","modified_gmt":"2025-03-13T09:09:19","slug":"miert-fontos-marcius-15","status":"publish","type":"post","link":"https:\/\/katolikusifjusagialapitvany.hu\/?p=2187","title":{"rendered":"Mi\u00e9rt fontos m\u00e1rcius 15.?"},"content":{"rendered":"\n<p>M\u00e1rcius 15. napja nem csup\u00e1n egy t\u00f6rt\u00e9nelmi esem\u00e9nyre val\u00f3 megeml\u00e9kez\u00e9s, hanem egy olyan alkalom, amikor a nemzeti \u00f6sszetartoz\u00e1sunkat \u00fcnnepelhetj\u00fck. Az az \u00fczenet, amit 1848-ban a magyarok vil\u00e1gg\u00e1 ki\u00e1ltottak, \u00f6r\u00f6k \u00e9rv\u00e9ny\u0171: a szabads\u00e1g\u00e9rt \u00e9s a f\u00fcggetlens\u00e9g\u00e9rt minden gener\u00e1ci\u00f3nak k\u00fczdenie kell.Ez a nap nemcsak a m\u00faltra eml\u00e9kez\u00e9s, hanem egy lehet\u0151s\u00e9g arra is, hogy \u00fajra meger\u0151s\u00edts\u00fck magunkban a haz\u00e1nk ir\u00e1nti felel\u0151ss\u00e9get, a k\u00f6z\u00f6ss\u00e9g erej\u00e9t, \u00e9s hogy mindig eml\u00e9kezz\u00fcnk a szabads\u00e1g, az egyenl\u0151s\u00e9g \u00e9s a testv\u00e9ris\u00e9g fontoss\u00e1g\u00e1ra.M\u00e1rcius 15. egy olyan nap, amikor meg\u00e1llhatunk egy pillanatra, \u00e9s v\u00e9giggondolhatjuk, mit jelent sz\u00e1munkra a szabads\u00e1g \u00e9s a nemzeti \u00f6sszetartoz\u00e1s. Az 1848-as forradalom \u00e9s szabads\u00e1gharc \u00f6r\u00f6ks\u00e9ge ma is vel\u00fcnk \u00e9l, \u00e9s arra eml\u00e9keztet minket, hogy mindannyiunk felel\u0151ss\u00e9ge meg\u0151rizni \u00e9s tov\u00e1bbadni ezeket az \u00e9rt\u00e9keket.<\/p>\n\n\n\n<figure class=\"wp-block-image size-large\"><img loading=\"lazy\" decoding=\"async\" width=\"1024\" height=\"1024\" src=\"https:\/\/katolikusifjusagialapitvany.hu\/wp-content\/uploads\/2025\/03\/8th-march-5-1024x1024.png\" alt=\"\" class=\"wp-image-2189\" srcset=\"https:\/\/katolikusifjusagialapitvany.hu\/wp-content\/uploads\/2025\/03\/8th-march-5-1024x1024.png 1024w, https:\/\/katolikusifjusagialapitvany.hu\/wp-content\/uploads\/2025\/03\/8th-march-5-300x300.png 300w, https:\/\/katolikusifjusagialapitvany.hu\/wp-content\/uploads\/2025\/03\/8th-march-5-150x150.png 150w, https:\/\/katolikusifjusagialapitvany.hu\/wp-content\/uploads\/2025\/03\/8th-march-5-768x768.png 768w, https:\/\/katolikusifjusagialapitvany.hu\/wp-content\/uploads\/2025\/03\/8th-march-5.png 1080w\" sizes=\"auto, (max-width: 1024px) 100vw, 1024px\" \/><\/figure>\n","protected":false},"excerpt":{"rendered":"<p>M\u00e1rcius 15. napja nem csup\u00e1n egy t\u00f6rt\u00e9nelmi esem\u00e9nyre val\u00f3 megeml\u00e9kez\u00e9s,<\/p>\n","protected":false},"author":1,"featured_media":0,"comment_status":"open","ping_status":"open","sticky":false,"template":"","format":"standard","meta":{"footnotes":""},"categories":[1],"tags":[],"class_list":["post-2187","post","type-post","status-publish","format-standard","hentry","category-uncategorized"],"_links":{"self":[{"href":"https:\/\/katolikusifjusagialapitvany.hu\/index.php?rest_route=\/wp\/v2\/posts\/2187","targetHints":{"allow":["GET"]}}],"collection":[{"href":"https:\/\/katolikusifjusagialapitvany.hu\/index.php?rest_route=\/wp\/v2\/posts"}],"about":[{"href":"https:\/\/katolikusifjusagialapitvany.hu\/index.php?rest_route=\/wp\/v2\/types\/post"}],"author":[{"embeddable":true,"href":"https:\/\/katolikusifjusagialapitvany.hu\/index.php?rest_route=\/wp\/v2\/users\/1"}],"replies":[{"embeddable":true,"href":"https:\/\/katolikusifjusagialapitvany.hu\/index.php?rest_route=%2Fwp%2Fv2%2Fcomments&post=2187"}],"version-history":[{"count":1,"href":"https:\/\/katolikusifjusagialapitvany.hu\/index.php?rest_route=\/wp\/v2\/posts\/2187\/revisions"}],"predecessor-version":[{"id":2190,"href":"https:\/\/katolikusifjusagialapitvany.hu\/index.php?rest_route=\/wp\/v2\/posts\/2187\/revisions\/2190"}],"wp:attachment":[{"href":"https:\/\/katolikusifjusagialapitvany.hu\/index.php?rest_route=%2Fwp%2Fv2%2Fmedia&parent=2187"}],"wp:term":[{"taxonomy":"category","embeddable":true,"href":"https:\/\/katolikusifjusagialapitvany.hu\/index.php?rest_route=%2Fwp%2Fv2%2Fcategories&post=2187"},{"taxonomy":"post_tag","embeddable":true,"href":"https:\/\/katolikusifjusagialapitvany.hu\/index.php?rest_route=%2Fwp%2Fv2%2Ftags&post=2187"}],"curies":[{"name":"wp","href":"https:\/\/api.w.org\/{rel}","templated":true}]}}