{"id":2191,"date":"2025-03-14T08:12:24","date_gmt":"2025-03-14T08:12:24","guid":{"rendered":"https:\/\/katolikusifjusagialapitvany.hu\/?p=2191"},"modified":"2025-03-15T14:55:04","modified_gmt":"2025-03-15T14:55:04","slug":"gypo-circus-koncert-a-millenniumi-kavehazban","status":"publish","type":"post","link":"https:\/\/katolikusifjusagialapitvany.hu\/?p=2191","title":{"rendered":"Gypo Circus koncert a Millenniumi K\u00e1v\u00e9h\u00e1zban"},"content":{"rendered":"\n<p>M\u00e1rcius 8-\u00e1n a hazai folk-ska-punk sz\u00ednt\u00e9r egyik legd\u00f6ng\u00f6l\u0151bb zenekara hozta el a fergeteges hangulatot Szegedre, egy k\u00fcl\u00f6nleges vend\u00e9gel\u0151ad\u00f3, Szirota Jennifer k\u00f6zrem\u0171k\u00f6d\u00e9s\u00e9vel! Az esem\u00e9ny a <em>Promo Event Parks4All<\/em> projekt keret\u00e9ben val\u00f3sult meg, \u00e9s ami m\u00e9g jobb: a bel\u00e9p\u00e9s mindenki sz\u00e1m\u00e1ra ingyenes volt! Ez volt az els\u0151 szegedi koncertje a projektnek, \u00e9s ha nem tudt\u00e1l ott lenni, ne cs\u00fcggedj, m\u00e9g k\u00e9t izgalmas rendezv\u00e9ny v\u00e1r r\u00e1nk! M\u00e1rcius 22-\u00e9n a L\u00e1z\u00e1r tes\u00f3k hoznak egy \u00fajabb remek koncertet, majd m\u00e1rcius 29-\u00e9n a Sin Seekas zenekar is elhozza a saj\u00e1t egyedi hangz\u00e1s\u00e1t a Millenniumi K\u00e1v\u00e9h\u00e1z \u00e9s Klubba, alap\u00edtv\u00e1nyunk k\u00e1v\u00e9h\u00e1z\u00e1ba. \ud83c\udfb8\ud83c\udfa4 Az els\u0151 koncert m\u00e1ris hatalmas siker volt, \u00edgy \u00e9rdemes a k\u00f6vetkez\u0151eket is be\u00edrni a napt\u00e1rba! <\/p>\n\n\n\n<figure class=\"wp-block-gallery has-nested-images columns-default is-cropped wp-block-gallery-1 is-layout-flex wp-block-gallery-is-layout-flex\">\n<figure class=\"wp-block-image size-large\"><img loading=\"lazy\" decoding=\"async\" width=\"1024\" height=\"886\" data-id=\"2192\" src=\"https:\/\/katolikusifjusagialapitvany.hu\/wp-content\/uploads\/2025\/03\/gypo1-1-1024x886.png\" alt=\"\" class=\"wp-image-2192\" srcset=\"https:\/\/katolikusifjusagialapitvany.hu\/wp-content\/uploads\/2025\/03\/gypo1-1-1024x886.png 1024w, https:\/\/katolikusifjusagialapitvany.hu\/wp-content\/uploads\/2025\/03\/gypo1-1-300x260.png 300w, https:\/\/katolikusifjusagialapitvany.hu\/wp-content\/uploads\/2025\/03\/gypo1-1-768x665.png 768w, https:\/\/katolikusifjusagialapitvany.hu\/wp-content\/uploads\/2025\/03\/gypo1-1-1536x1329.png 1536w, https:\/\/katolikusifjusagialapitvany.hu\/wp-content\/uploads\/2025\/03\/gypo1-1-2048x1772.png 2048w\" sizes=\"auto, (max-width: 1024px) 100vw, 1024px\" \/><\/figure>\n\n\n\n<figure class=\"wp-block-image size-large\"><img loading=\"lazy\" decoding=\"async\" width=\"1024\" height=\"891\" data-id=\"2195\" src=\"https:\/\/katolikusifjusagialapitvany.hu\/wp-content\/uploads\/2025\/03\/gypo2-1024x891.png\" alt=\"\" class=\"wp-image-2195\" srcset=\"https:\/\/katolikusifjusagialapitvany.hu\/wp-content\/uploads\/2025\/03\/gypo2-1024x891.png 1024w, https:\/\/katolikusifjusagialapitvany.hu\/wp-content\/uploads\/2025\/03\/gypo2-300x261.png 300w, https:\/\/katolikusifjusagialapitvany.hu\/wp-content\/uploads\/2025\/03\/gypo2-768x668.png 768w, https:\/\/katolikusifjusagialapitvany.hu\/wp-content\/uploads\/2025\/03\/gypo2-1536x1336.png 1536w, https:\/\/katolikusifjusagialapitvany.hu\/wp-content\/uploads\/2025\/03\/gypo2-2048x1782.png 2048w\" sizes=\"auto, (max-width: 1024px) 100vw, 1024px\" \/><\/figure>\n\n\n\n<figure class=\"wp-block-image size-large\"><img loading=\"lazy\" decoding=\"async\" width=\"576\" height=\"1024\" data-id=\"2196\" src=\"https:\/\/katolikusifjusagialapitvany.hu\/wp-content\/uploads\/2025\/03\/gypo4-576x1024.png\" alt=\"\" class=\"wp-image-2196\" srcset=\"https:\/\/katolikusifjusagialapitvany.hu\/wp-content\/uploads\/2025\/03\/gypo4-576x1024.png 576w, https:\/\/katolikusifjusagialapitvany.hu\/wp-content\/uploads\/2025\/03\/gypo4-169x300.png 169w, https:\/\/katolikusifjusagialapitvany.hu\/wp-content\/uploads\/2025\/03\/gypo4-768x1365.png 768w, https:\/\/katolikusifjusagialapitvany.hu\/wp-content\/uploads\/2025\/03\/gypo4-864x1536.png 864w, https:\/\/katolikusifjusagialapitvany.hu\/wp-content\/uploads\/2025\/03\/gypo4-1152x2048.png 1152w, https:\/\/katolikusifjusagialapitvany.hu\/wp-content\/uploads\/2025\/03\/gypo4-1024x1821.png 1024w\" sizes=\"auto, (max-width: 576px) 100vw, 576px\" \/><\/figure>\n\n\n\n<figure class=\"wp-block-image size-large\"><img loading=\"lazy\" decoding=\"async\" width=\"576\" height=\"1024\" data-id=\"2199\" src=\"https:\/\/katolikusifjusagialapitvany.hu\/wp-content\/uploads\/2025\/03\/gypo6-576x1024.png\" alt=\"\" class=\"wp-image-2199\" srcset=\"https:\/\/katolikusifjusagialapitvany.hu\/wp-content\/uploads\/2025\/03\/gypo6-576x1024.png 576w, https:\/\/katolikusifjusagialapitvany.hu\/wp-content\/uploads\/2025\/03\/gypo6-169x300.png 169w, https:\/\/katolikusifjusagialapitvany.hu\/wp-content\/uploads\/2025\/03\/gypo6-768x1365.png 768w, https:\/\/katolikusifjusagialapitvany.hu\/wp-content\/uploads\/2025\/03\/gypo6-864x1536.png 864w, https:\/\/katolikusifjusagialapitvany.hu\/wp-content\/uploads\/2025\/03\/gypo6-1152x2048.png 1152w, https:\/\/katolikusifjusagialapitvany.hu\/wp-content\/uploads\/2025\/03\/gypo6-1024x1821.png 1024w\" sizes=\"auto, (max-width: 576px) 100vw, 576px\" \/><\/figure>\n\n\n\n<figure class=\"wp-block-image size-large\"><img loading=\"lazy\" decoding=\"async\" width=\"576\" height=\"1024\" data-id=\"2197\" src=\"https:\/\/katolikusifjusagialapitvany.hu\/wp-content\/uploads\/2025\/03\/gypo8-576x1024.png\" alt=\"\" class=\"wp-image-2197\" srcset=\"https:\/\/katolikusifjusagialapitvany.hu\/wp-content\/uploads\/2025\/03\/gypo8-576x1024.png 576w, https:\/\/katolikusifjusagialapitvany.hu\/wp-content\/uploads\/2025\/03\/gypo8-169x300.png 169w, https:\/\/katolikusifjusagialapitvany.hu\/wp-content\/uploads\/2025\/03\/gypo8-768x1365.png 768w, https:\/\/katolikusifjusagialapitvany.hu\/wp-content\/uploads\/2025\/03\/gypo8-864x1536.png 864w, https:\/\/katolikusifjusagialapitvany.hu\/wp-content\/uploads\/2025\/03\/gypo8-1152x2048.png 1152w, https:\/\/katolikusifjusagialapitvany.hu\/wp-content\/uploads\/2025\/03\/gypo8-1024x1821.png 1024w\" sizes=\"auto, (max-width: 576px) 100vw, 576px\" \/><\/figure>\n\n\n\n<figure class=\"wp-block-image size-large\"><img loading=\"lazy\" decoding=\"async\" width=\"576\" height=\"1024\" data-id=\"2194\" src=\"https:\/\/katolikusifjusagialapitvany.hu\/wp-content\/uploads\/2025\/03\/gypo9-576x1024.png\" alt=\"\" class=\"wp-image-2194\" srcset=\"https:\/\/katolikusifjusagialapitvany.hu\/wp-content\/uploads\/2025\/03\/gypo9-576x1024.png 576w, https:\/\/katolikusifjusagialapitvany.hu\/wp-content\/uploads\/2025\/03\/gypo9-169x300.png 169w, https:\/\/katolikusifjusagialapitvany.hu\/wp-content\/uploads\/2025\/03\/gypo9-768x1365.png 768w, https:\/\/katolikusifjusagialapitvany.hu\/wp-content\/uploads\/2025\/03\/gypo9-864x1536.png 864w, https:\/\/katolikusifjusagialapitvany.hu\/wp-content\/uploads\/2025\/03\/gypo9-1152x2048.png 1152w, https:\/\/katolikusifjusagialapitvany.hu\/wp-content\/uploads\/2025\/03\/gypo9-1024x1821.png 1024w\" sizes=\"auto, (max-width: 576px) 100vw, 576px\" \/><\/figure>\n\n\n\n<figure class=\"wp-block-image size-large\"><img loading=\"lazy\" decoding=\"async\" width=\"1024\" height=\"894\" data-id=\"2193\" src=\"https:\/\/katolikusifjusagialapitvany.hu\/wp-content\/uploads\/2025\/03\/gypo3-1024x894.png\" alt=\"\" class=\"wp-image-2193\" srcset=\"https:\/\/katolikusifjusagialapitvany.hu\/wp-content\/uploads\/2025\/03\/gypo3-1024x894.png 1024w, https:\/\/katolikusifjusagialapitvany.hu\/wp-content\/uploads\/2025\/03\/gypo3-300x262.png 300w, https:\/\/katolikusifjusagialapitvany.hu\/wp-content\/uploads\/2025\/03\/gypo3-768x671.png 768w, https:\/\/katolikusifjusagialapitvany.hu\/wp-content\/uploads\/2025\/03\/gypo3-1536x1341.png 1536w, https:\/\/katolikusifjusagialapitvany.hu\/wp-content\/uploads\/2025\/03\/gypo3-2048x1788.png 2048w\" sizes=\"auto, (max-width: 1024px) 100vw, 1024px\" \/><\/figure>\n\n\n\n<figure class=\"wp-block-image size-large\"><img loading=\"lazy\" decoding=\"async\" width=\"1024\" height=\"890\" data-id=\"2198\" src=\"https:\/\/katolikusifjusagialapitvany.hu\/wp-content\/uploads\/2025\/03\/gypo10-1024x890.png\" alt=\"\" class=\"wp-image-2198\" srcset=\"https:\/\/katolikusifjusagialapitvany.hu\/wp-content\/uploads\/2025\/03\/gypo10-1024x890.png 1024w, https:\/\/katolikusifjusagialapitvany.hu\/wp-content\/uploads\/2025\/03\/gypo10-300x261.png 300w, https:\/\/katolikusifjusagialapitvany.hu\/wp-content\/uploads\/2025\/03\/gypo10-768x667.png 768w, https:\/\/katolikusifjusagialapitvany.hu\/wp-content\/uploads\/2025\/03\/gypo10-1536x1334.png 1536w, https:\/\/katolikusifjusagialapitvany.hu\/wp-content\/uploads\/2025\/03\/gypo10-2048x1779.png 2048w\" sizes=\"auto, (max-width: 1024px) 100vw, 1024px\" \/><\/figure>\n\n\n\n<figure class=\"wp-block-image size-large\"><img loading=\"lazy\" decoding=\"async\" width=\"578\" height=\"1024\" data-id=\"2201\" src=\"https:\/\/katolikusifjusagialapitvany.hu\/wp-content\/uploads\/2025\/03\/gypo7-578x1024.png\" alt=\"\" class=\"wp-image-2201\" srcset=\"https:\/\/katolikusifjusagialapitvany.hu\/wp-content\/uploads\/2025\/03\/gypo7-578x1024.png 578w, https:\/\/katolikusifjusagialapitvany.hu\/wp-content\/uploads\/2025\/03\/gypo7-169x300.png 169w, https:\/\/katolikusifjusagialapitvany.hu\/wp-content\/uploads\/2025\/03\/gypo7-768x1361.png 768w, https:\/\/katolikusifjusagialapitvany.hu\/wp-content\/uploads\/2025\/03\/gypo7-867x1536.png 867w, https:\/\/katolikusifjusagialapitvany.hu\/wp-content\/uploads\/2025\/03\/gypo7-1156x2048.png 1156w, https:\/\/katolikusifjusagialapitvany.hu\/wp-content\/uploads\/2025\/03\/gypo7-1024x1814.png 1024w\" sizes=\"auto, (max-width: 578px) 100vw, 578px\" \/><\/figure>\n\n\n\n<figure class=\"wp-block-image size-large\"><img loading=\"lazy\" decoding=\"async\" width=\"576\" height=\"1024\" data-id=\"2200\" src=\"https:\/\/katolikusifjusagialapitvany.hu\/wp-content\/uploads\/2025\/03\/gypo5-576x1024.png\" alt=\"\" class=\"wp-image-2200\" srcset=\"https:\/\/katolikusifjusagialapitvany.hu\/wp-content\/uploads\/2025\/03\/gypo5-576x1024.png 576w, https:\/\/katolikusifjusagialapitvany.hu\/wp-content\/uploads\/2025\/03\/gypo5-169x300.png 169w, https:\/\/katolikusifjusagialapitvany.hu\/wp-content\/uploads\/2025\/03\/gypo5-768x1365.png 768w, https:\/\/katolikusifjusagialapitvany.hu\/wp-content\/uploads\/2025\/03\/gypo5-864x1536.png 864w, https:\/\/katolikusifjusagialapitvany.hu\/wp-content\/uploads\/2025\/03\/gypo5-1152x2048.png 1152w, https:\/\/katolikusifjusagialapitvany.hu\/wp-content\/uploads\/2025\/03\/gypo5-1024x1821.png 1024w\" sizes=\"auto, (max-width: 576px) 100vw, 576px\" \/><\/figure>\n<\/figure>\n\n\n\n<p>Ez a projekt az Eur\u00f3pai Uni\u00f3 p\u00e9nz\u00fcgyi t\u00e1mogat\u00e1s\u00e1val val\u00f3sul meg az Interreg VI-A IPA Magyarorsz\u00e1g-Szerbia program keret\u00e9ben. A sz\u00f6veg tartalm\u00e1\u00e9rt kiz\u00e1r\u00f3lag a Katolikus Ifj\u00fas\u00e1gi Alap\u00edtv\u00e1ny felel, \u00e9s semmilyen k\u00f6r\u00fclm\u00e9nyek k\u00f6z\u00f6tt nem tekinthet\u0151 az Eur\u00f3pai Uni\u00f3 \u00e9s\/vagy a Program Ir\u00e1ny\u00edt\u00f3 Hat\u00f3s\u00e1g\u00e1nak hivatalos \u00e1ll\u00e1spontj\u00e1t t\u00fckr\u00f6z\u0151 v\u00e9lem\u00e9nynek. A projekt partnerei: Cinema City (Srb, vezet\u0151 partner) <a href=\"https:\/\/www.facebook.com\/cinemacityudruzenje?__cft__[0]=AZVmIzEnXp9K8_ZqY8CxpTQJpR8nD457qwDZHczECLK3Z14F40TxFvByvcRPllYevquDICNKGrlyfsdvawgSZ6qBKtcooueMmqGD7heLrSE-HyqCDRVFcdlEIqP9z-_aGjpAW-JOssNbuKuR3UG0YvS-m2XiTtSUVkRRv8qbgIoiINnA0HdEVkoWpzcgZj6p3LOJ3QGbaxlSx--w0fJpJRVw&amp;__tn__=-]K-R\">Cinema City<\/a>, &#8222;\u00dajvid\u00e9k \u2013 Eur\u00f3pa Kultur\u00e1lis F\u0151v\u00e1rosa&#8221; Alap\u00edtv\u00e1ny (Srb) <a href=\"https:\/\/www.facebook.com\/NoviSad2022?__cft__[0]=AZVmIzEnXp9K8_ZqY8CxpTQJpR8nD457qwDZHczECLK3Z14F40TxFvByvcRPllYevquDICNKGrlyfsdvawgSZ6qBKtcooueMmqGD7heLrSE-HyqCDRVFcdlEIqP9z-_aGjpAW-JOssNbuKuR3UG0YvS-m2XiTtSUVkRRv8qbgIoiINnA0HdEVkoWpzcgZj6p3LOJ3QGbaxlSx--w0fJpJRVw&amp;__tn__=-]K-R\">Novi Sad 2022<\/a>, \u201eWEMSICAL SERBIA\u201d Ifj\u00fas\u00e1gi \u00e9s Kultur\u00e1lis Egyes\u00fclet (Srb) <a href=\"https:\/\/www.facebook.com\/wemsical.serbia?__cft__[0]=AZVmIzEnXp9K8_ZqY8CxpTQJpR8nD457qwDZHczECLK3Z14F40TxFvByvcRPllYevquDICNKGrlyfsdvawgSZ6qBKtcooueMmqGD7heLrSE-HyqCDRVFcdlEIqP9z-_aGjpAW-JOssNbuKuR3UG0YvS-m2XiTtSUVkRRv8qbgIoiINnA0HdEVkoWpzcgZj6p3LOJ3QGbaxlSx--w0fJpJRVw&amp;__tn__=-]K-R\">Wemsical Serbia<\/a>, DDTG Danube Development Transnational Group (Hu) \u00e9s a Katolikus Ifjus\u00e1gi Alap\u00edtv\u00e1ny (Hu).<\/p>\n\n\n\n<p><a href=\"https:\/\/www.facebook.com\/hashtag\/interreg?__eep__=6&amp;__cft__[0]=AZVmIzEnXp9K8_ZqY8CxpTQJpR8nD457qwDZHczECLK3Z14F40TxFvByvcRPllYevquDICNKGrlyfsdvawgSZ6qBKtcooueMmqGD7heLrSE-HyqCDRVFcdlEIqP9z-_aGjpAW-JOssNbuKuR3UG0YvS-m2XiTtSUVkRRv8qbgIoiINnA0HdEVkoWpzcgZj6p3LOJ3QGbaxlSx--w0fJpJRVw&amp;__tn__=*NK-R\">#Interreg<\/a><a href=\"https:\/\/www.facebook.com\/hashtag\/hungaryserbia?__eep__=6&amp;__cft__[0]=AZVmIzEnXp9K8_ZqY8CxpTQJpR8nD457qwDZHczECLK3Z14F40TxFvByvcRPllYevquDICNKGrlyfsdvawgSZ6qBKtcooueMmqGD7heLrSE-HyqCDRVFcdlEIqP9z-_aGjpAW-JOssNbuKuR3UG0YvS-m2XiTtSUVkRRv8qbgIoiINnA0HdEVkoWpzcgZj6p3LOJ3QGbaxlSx--w0fJpJRVw&amp;__tn__=*NK-R\">#HungarySerbia<\/a><a href=\"https:\/\/www.facebook.com\/hashtag\/husrb?__eep__=6&amp;__cft__[0]=AZVmIzEnXp9K8_ZqY8CxpTQJpR8nD457qwDZHczECLK3Z14F40TxFvByvcRPllYevquDICNKGrlyfsdvawgSZ6qBKtcooueMmqGD7heLrSE-HyqCDRVFcdlEIqP9z-_aGjpAW-JOssNbuKuR3UG0YvS-m2XiTtSUVkRRv8qbgIoiINnA0HdEVkoWpzcgZj6p3LOJ3QGbaxlSx--w0fJpJRVw&amp;__tn__=*NK-R\">#husrb<\/a><a href=\"https:\/\/www.facebook.com\/hashtag\/parks4all?__eep__=6&amp;__cft__[0]=AZVmIzEnXp9K8_ZqY8CxpTQJpR8nD457qwDZHczECLK3Z14F40TxFvByvcRPllYevquDICNKGrlyfsdvawgSZ6qBKtcooueMmqGD7heLrSE-HyqCDRVFcdlEIqP9z-_aGjpAW-JOssNbuKuR3UG0YvS-m2XiTtSUVkRRv8qbgIoiINnA0HdEVkoWpzcgZj6p3LOJ3QGbaxlSx--w0fJpJRVw&amp;__tn__=*NK-R\">#Parks4All<\/a><a href=\"https:\/\/www.facebook.com\/hashtag\/hungary?__eep__=6&amp;__cft__[0]=AZVmIzEnXp9K8_ZqY8CxpTQJpR8nD457qwDZHczECLK3Z14F40TxFvByvcRPllYevquDICNKGrlyfsdvawgSZ6qBKtcooueMmqGD7heLrSE-HyqCDRVFcdlEIqP9z-_aGjpAW-JOssNbuKuR3UG0YvS-m2XiTtSUVkRRv8qbgIoiINnA0HdEVkoWpzcgZj6p3LOJ3QGbaxlSx--w0fJpJRVw&amp;__tn__=*NK-R\">#Hungary<\/a><a href=\"https:\/\/www.facebook.com\/hashtag\/serbia?__eep__=6&amp;__cft__[0]=AZVmIzEnXp9K8_ZqY8CxpTQJpR8nD457qwDZHczECLK3Z14F40TxFvByvcRPllYevquDICNKGrlyfsdvawgSZ6qBKtcooueMmqGD7heLrSE-HyqCDRVFcdlEIqP9z-_aGjpAW-JOssNbuKuR3UG0YvS-m2XiTtSUVkRRv8qbgIoiINnA0HdEVkoWpzcgZj6p3LOJ3QGbaxlSx--w0fJpJRVw&amp;__tn__=*NK-R\">#Serbia<\/a><a href=\"https:\/\/www.facebook.com\/hashtag\/cinemacity?__eep__=6&amp;__cft__[0]=AZVmIzEnXp9K8_ZqY8CxpTQJpR8nD457qwDZHczECLK3Z14F40TxFvByvcRPllYevquDICNKGrlyfsdvawgSZ6qBKtcooueMmqGD7heLrSE-HyqCDRVFcdlEIqP9z-_aGjpAW-JOssNbuKuR3UG0YvS-m2XiTtSUVkRRv8qbgIoiINnA0HdEVkoWpzcgZj6p3LOJ3QGbaxlSx--w0fJpJRVw&amp;__tn__=*NK-R\">#CinemaCity<\/a><a href=\"https:\/\/www.facebook.com\/hashtag\/novisad2022?__eep__=6&amp;__cft__[0]=AZVmIzEnXp9K8_ZqY8CxpTQJpR8nD457qwDZHczECLK3Z14F40TxFvByvcRPllYevquDICNKGrlyfsdvawgSZ6qBKtcooueMmqGD7heLrSE-HyqCDRVFcdlEIqP9z-_aGjpAW-JOssNbuKuR3UG0YvS-m2XiTtSUVkRRv8qbgIoiINnA0HdEVkoWpzcgZj6p3LOJ3QGbaxlSx--w0fJpJRVw&amp;__tn__=*NK-R\">#NoviSad2022<\/a><\/p>\n\n\n\n<p><a href=\"https:\/\/www.facebook.com\/hashtag\/wemsicalserbiayouthassociation?__eep__=6&amp;__cft__[0]=AZVmIzEnXp9K8_ZqY8CxpTQJpR8nD457qwDZHczECLK3Z14F40TxFvByvcRPllYevquDICNKGrlyfsdvawgSZ6qBKtcooueMmqGD7heLrSE-HyqCDRVFcdlEIqP9z-_aGjpAW-JOssNbuKuR3UG0YvS-m2XiTtSUVkRRv8qbgIoiINnA0HdEVkoWpzcgZj6p3LOJ3QGbaxlSx--w0fJpJRVw&amp;__tn__=*NK-R\">#WemsicalSerbiaYouthAssociation<\/a><a href=\"https:\/\/www.facebook.com\/hashtag\/wemsical?__eep__=6&amp;__cft__[0]=AZVmIzEnXp9K8_ZqY8CxpTQJpR8nD457qwDZHczECLK3Z14F40TxFvByvcRPllYevquDICNKGrlyfsdvawgSZ6qBKtcooueMmqGD7heLrSE-HyqCDRVFcdlEIqP9z-_aGjpAW-JOssNbuKuR3UG0YvS-m2XiTtSUVkRRv8qbgIoiINnA0HdEVkoWpzcgZj6p3LOJ3QGbaxlSx--w0fJpJRVw&amp;__tn__=*NK-R\">#Wemsical<\/a><a href=\"https:\/\/www.facebook.com\/hashtag\/ddtg?__eep__=6&amp;__cft__[0]=AZVmIzEnXp9K8_ZqY8CxpTQJpR8nD457qwDZHczECLK3Z14F40TxFvByvcRPllYevquDICNKGrlyfsdvawgSZ6qBKtcooueMmqGD7heLrSE-HyqCDRVFcdlEIqP9z-_aGjpAW-JOssNbuKuR3UG0YvS-m2XiTtSUVkRRv8qbgIoiINnA0HdEVkoWpzcgZj6p3LOJ3QGbaxlSx--w0fJpJRVw&amp;__tn__=*NK-R\">#DDTG<\/a><a href=\"https:\/\/www.facebook.com\/hashtag\/catholicyouthfoundation?__eep__=6&amp;__cft__[0]=AZVmIzEnXp9K8_ZqY8CxpTQJpR8nD457qwDZHczECLK3Z14F40TxFvByvcRPllYevquDICNKGrlyfsdvawgSZ6qBKtcooueMmqGD7heLrSE-HyqCDRVFcdlEIqP9z-_aGjpAW-JOssNbuKuR3UG0YvS-m2XiTtSUVkRRv8qbgIoiINnA0HdEVkoWpzcgZj6p3LOJ3QGbaxlSx--w0fJpJRVw&amp;__tn__=*NK-R\">#CatholicYouthFoundation<\/a><\/p>\n\n\n\n<p><a href=\"https:\/\/www.facebook.com\/photo\/?fbid=122194264382119364&amp;set=a.122097195806119364&amp;__cft__[0]=AZVmIzEnXp9K8_ZqY8CxpTQJpR8nD457qwDZHczECLK3Z14F40TxFvByvcRPllYevquDICNKGrlyfsdvawgSZ6qBKtcooueMmqGD7heLrSE-HyqCDRVFcdlEIqP9z-_aGjpAW-JOssNbuKuR3UG0YvS-m2XiTtSUVkRRv8qbgIoiINnA0HdEVkoWpzcgZj6p3LOJ3QGbaxlSx--w0fJpJRVw&amp;__tn__=EH-R\"><\/a><\/p>\n\n\n\n<p><\/p>\n\n\n\n<p><a href=\"https:\/\/www.facebook.com\/ad_center\/create\/boostpost\/?ad_account_id=2333796926930089&amp;entry_point=www_profile_plus_timeline&amp;page_id=158594944009025&amp;target_id=122194264580119364&amp;__cft__[0]=AZVmIzEnXp9K8_ZqY8CxpTQJpR8nD457qwDZHczECLK3Z14F40TxFvByvcRPllYevquDICNKGrlyfsdvawgSZ6qBKtcooueMmqGD7heLrSE-HyqCDRVFcdlEIqP9z-_aGjpAW-JOssNbuKuR3UG0YvS-m2XiTtSUVkRRv8qbgIoiINnA0HdEVkoWpzcgZj6p3LOJ3QGbaxlSx--w0fJpJRVw&amp;__tn__=*W-R\"><\/a><br><br><br><br><\/p>\n","protected":false},"excerpt":{"rendered":"<p>M\u00e1rcius 8-\u00e1n a hazai folk-ska-punk sz\u00ednt\u00e9r egyik legd\u00f6ng\u00f6l\u0151bb zenekara hozta<\/p>\n","protected":false},"author":1,"featured_media":0,"comment_status":"open","ping_status":"open","sticky":false,"template":"","format":"standard","meta":{"footnotes":""},"categories":[1],"tags":[],"class_list":["post-2191","post","type-post","status-publish","format-standard","hentry","category-uncategorized"],"_links":{"self":[{"href":"https:\/\/katolikusifjusagialapitvany.hu\/index.php?rest_route=\/wp\/v2\/posts\/2191","targetHints":{"allow":["GET"]}}],"collection":[{"href":"https:\/\/katolikusifjusagialapitvany.hu\/index.php?rest_route=\/wp\/v2\/posts"}],"about":[{"href":"https:\/\/katolikusifjusagialapitvany.hu\/index.php?rest_route=\/wp\/v2\/types\/post"}],"author":[{"embeddable":true,"href":"https:\/\/katolikusifjusagialapitvany.hu\/index.php?rest_route=\/wp\/v2\/users\/1"}],"replies":[{"embeddable":true,"href":"https:\/\/katolikusifjusagialapitvany.hu\/index.php?rest_route=%2Fwp%2Fv2%2Fcomments&post=2191"}],"version-history":[{"count":3,"href":"https:\/\/katolikusifjusagialapitvany.hu\/index.php?rest_route=\/wp\/v2\/posts\/2191\/revisions"}],"predecessor-version":[{"id":2208,"href":"https:\/\/katolikusifjusagialapitvany.hu\/index.php?rest_route=\/wp\/v2\/posts\/2191\/revisions\/2208"}],"wp:attachment":[{"href":"https:\/\/katolikusifjusagialapitvany.hu\/index.php?rest_route=%2Fwp%2Fv2%2Fmedia&parent=2191"}],"wp:term":[{"taxonomy":"category","embeddable":true,"href":"https:\/\/katolikusifjusagialapitvany.hu\/index.php?rest_route=%2Fwp%2Fv2%2Fcategories&post=2191"},{"taxonomy":"post_tag","embeddable":true,"href":"https:\/\/katolikusifjusagialapitvany.hu\/index.php?rest_route=%2Fwp%2Fv2%2Ftags&post=2191"}],"curies":[{"name":"wp","href":"https:\/\/api.w.org\/{rel}","templated":true}]}}