{"id":2215,"date":"2025-03-21T09:57:42","date_gmt":"2025-03-21T09:57:42","guid":{"rendered":"https:\/\/katolikusifjusagialapitvany.hu\/?p=2215"},"modified":"2025-03-21T09:57:43","modified_gmt":"2025-03-21T09:57:43","slug":"down-szindroma-vilagnapja","status":"publish","type":"post","link":"https:\/\/katolikusifjusagialapitvany.hu\/?p=2215","title":{"rendered":"Down-szindr\u00f3ma vil\u00e1gnapja"},"content":{"rendered":"\n<p>M\u00e1rcius 21-\u00e9n, a Down-szindr\u00f3ma vil\u00e1gnapj\u00e1n eml\u00e9kez\u00fcnk meg azokr\u00f3l, akik Down-szindr\u00f3m\u00e1val \u00e9lnek, \u00e9s felh\u00edvjuk a figyelmet a t\u00e1rsadalmi elfogad\u00e1s fontoss\u00e1g\u00e1ra.  Az\u00a0ENSZ\u00a0k\u00f6zgy\u0171l\u00e9s\u00e9nek harmadik bizotts\u00e1ga 2011. november 10-\u00e9n tartott plen\u00e1ris \u00fcl\u00e9s\u00e9n elfogadta, hogy\u00a02012-t\u0151l m\u00e1rcius 21. a Down-szindr\u00f3ma vil\u00e1gnapja legyenA c\u00e9lja, hogy n\u00f6velje a meg\u00e9rt\u00e9st \u00e9s t\u00e1mogassa a Down-szindr\u00f3m\u00e1s embereket abban, hogy m\u00e9lt\u00f3s\u00e1ggal \u00e9s akt\u00edv t\u00e1rsadalmi tagokk\u00e9nt \u00e9lhessenek teljes \u00e9letet. \ud83c\udf1f A d\u00e1tum, 03.21., szimbolikus, mivel a 21-es kromosz\u00f3ma h\u00e1rom p\u00e9ld\u00e1nyban jelen van a Down-szindr\u00f3m\u00e1s emberek sejtjeiben. Ez a nap nemcsak az \u0151 \u00fcnnep\u00fck, hanem mindannyiunk\u00e9, hiszen a k\u00fcl\u00f6nb\u00f6z\u0151s\u00e9g elfogad\u00e1sa mindannyiunk sz\u00e1m\u00e1ra fontos. \ud83d\udc63 Ma sokan felem\u00e1s zokniban hirdetik a Down-szindr\u00f3m\u00e1val \u00e9l\u0151k elfogad\u00e1s\u00e1t \u00e9s az ir\u00e1ntuk val\u00f3 nyitotts\u00e1got. \ud83e\udde6 Fontos, hogy t\u00e1mogassuk \u0151ket a mindennapokban, hiszen a Down-szindr\u00f3m\u00e1s emberek is k\u00e9pesek r\u00e9szt venni a t\u00e1rsadalom teljes \u00e9rt\u00e9k\u0171 \u00e9let\u00e9ben. A korai gy\u00f3gypedag\u00f3giai fejleszt\u00e9sek seg\u00edts\u00e9g\u00e9vel a Down-szindr\u00f3m\u00e1s gyerekek szinte mindent meg tudnak tanulni. Fiatal feln\u0151ttk\u00e9nt pedig egyes szakm\u00e1kat, betan\u00edtott munk\u00e1kat j\u00f3l elsaj\u00e1t\u00edthatnak. Ak\u00e1r magasabb szint\u0171 k\u00e9pz\u00e9st ig\u00e9nyl\u0151 vagy kreat\u00edv munk\u00e1kat is v\u00e9gezhetnek, k\u00e9pesek r\u00e9szt venni a kultur\u00e1lis \u00e9letben \u00e9s a sportban ugyan\u00fagy, mint b\u00e1rki m\u00e1s. Kiemelked\u0151 p\u00e9lda erre a Baltaz\u00e1r Sz\u00ednh\u00e1z, ahol Down-szindr\u00f3m\u00e1s sz\u00edn\u00e9szek mutatnak be csod\u00e1latos el\u0151ad\u00e1sokat. \ud83c\udfad Ezen a napon ne felejts\u00fck el, hogy a szolidarit\u00e1s, a t\u00fcrelmes elfogad\u00e1s \u00e9s az egyenl\u0151 es\u00e9lyek biztos\u00edt\u00e1sa mindannyiunk feladata. Csatlakozz te is, \u00e9s mutasd meg, hogy a k\u00fcl\u00f6nb\u00f6z\u0151s\u00e9g er\u0151! \ud83d\udc99\u2728<\/p>\n\n\n\n<figure class=\"wp-block-image size-large\"><img loading=\"lazy\" decoding=\"async\" width=\"1024\" height=\"1024\" src=\"https:\/\/katolikusifjusagialapitvany.hu\/wp-content\/uploads\/2025\/03\/vilagnap-1024x1024.png\" alt=\"\" class=\"wp-image-2216\" srcset=\"https:\/\/katolikusifjusagialapitvany.hu\/wp-content\/uploads\/2025\/03\/vilagnap-1024x1024.png 1024w, https:\/\/katolikusifjusagialapitvany.hu\/wp-content\/uploads\/2025\/03\/vilagnap-300x300.png 300w, https:\/\/katolikusifjusagialapitvany.hu\/wp-content\/uploads\/2025\/03\/vilagnap-150x150.png 150w, https:\/\/katolikusifjusagialapitvany.hu\/wp-content\/uploads\/2025\/03\/vilagnap-768x768.png 768w, https:\/\/katolikusifjusagialapitvany.hu\/wp-content\/uploads\/2025\/03\/vilagnap.png 1080w\" sizes=\"auto, (max-width: 1024px) 100vw, 1024px\" \/><\/figure>\n","protected":false},"excerpt":{"rendered":"<p>M\u00e1rcius 21-\u00e9n, a Down-szindr\u00f3ma vil\u00e1gnapj\u00e1n eml\u00e9kez\u00fcnk meg azokr\u00f3l, akik Down-szindr\u00f3m\u00e1val<\/p>\n","protected":false},"author":1,"featured_media":0,"comment_status":"open","ping_status":"open","sticky":false,"template":"","format":"standard","meta":{"footnotes":""},"categories":[1],"tags":[],"class_list":["post-2215","post","type-post","status-publish","format-standard","hentry","category-uncategorized"],"_links":{"self":[{"href":"https:\/\/katolikusifjusagialapitvany.hu\/index.php?rest_route=\/wp\/v2\/posts\/2215","targetHints":{"allow":["GET"]}}],"collection":[{"href":"https:\/\/katolikusifjusagialapitvany.hu\/index.php?rest_route=\/wp\/v2\/posts"}],"about":[{"href":"https:\/\/katolikusifjusagialapitvany.hu\/index.php?rest_route=\/wp\/v2\/types\/post"}],"author":[{"embeddable":true,"href":"https:\/\/katolikusifjusagialapitvany.hu\/index.php?rest_route=\/wp\/v2\/users\/1"}],"replies":[{"embeddable":true,"href":"https:\/\/katolikusifjusagialapitvany.hu\/index.php?rest_route=%2Fwp%2Fv2%2Fcomments&post=2215"}],"version-history":[{"count":1,"href":"https:\/\/katolikusifjusagialapitvany.hu\/index.php?rest_route=\/wp\/v2\/posts\/2215\/revisions"}],"predecessor-version":[{"id":2217,"href":"https:\/\/katolikusifjusagialapitvany.hu\/index.php?rest_route=\/wp\/v2\/posts\/2215\/revisions\/2217"}],"wp:attachment":[{"href":"https:\/\/katolikusifjusagialapitvany.hu\/index.php?rest_route=%2Fwp%2Fv2%2Fmedia&parent=2215"}],"wp:term":[{"taxonomy":"category","embeddable":true,"href":"https:\/\/katolikusifjusagialapitvany.hu\/index.php?rest_route=%2Fwp%2Fv2%2Fcategories&post=2215"},{"taxonomy":"post_tag","embeddable":true,"href":"https:\/\/katolikusifjusagialapitvany.hu\/index.php?rest_route=%2Fwp%2Fv2%2Ftags&post=2215"}],"curies":[{"name":"wp","href":"https:\/\/api.w.org\/{rel}","templated":true}]}}