{"id":2233,"date":"2025-03-25T08:57:42","date_gmt":"2025-03-25T08:57:42","guid":{"rendered":"https:\/\/katolikusifjusagialapitvany.hu\/?p=2233"},"modified":"2025-04-01T08:59:08","modified_gmt":"2025-04-01T08:59:08","slug":"lila-nap-marcius-26","status":"publish","type":"post","link":"https:\/\/katolikusifjusagialapitvany.hu\/?p=2233","title":{"rendered":"Lila nap- M\u00e1rcius 26."},"content":{"rendered":"\n<p>A <strong>Purple Day<\/strong>, m\u00e1rcius 26-\u00e1n, egy glob\u00e1lis kezdem\u00e9nyez\u00e9s, amely a <strong>epilepszia<\/strong> ir\u00e1nti figyelemfelh\u00edv\u00e1sr\u00f3l \u00e9s a betegek t\u00e1mogat\u00e1s\u00e1r\u00f3l sz\u00f3l. Az esem\u00e9nyt 2008-ban ind\u00edtotta egy fiatal l\u00e1ny, Cassidy Megan Kanad\u00e1ban, aki maga is epilepszi\u00e1val k\u00fczd\u00f6tt, \u00e9s c\u00e9lja az volt, hogy seg\u00edtse az embereket meg\u00e9rteni a betegs\u00e9get, cs\u00f6kkentve a k\u00f6r\u00fcl\u00f6tte l\u00e9v\u0151 t\u00e9vhiteket \u00e9s el\u0151\u00edt\u00e9leteket.A Purple Day elnevez\u00e9s a lila sz\u00ednre utal, amelyet vil\u00e1gszerte az epilepszia szimbolikus sz\u00edn\u00e9nek tekintenek. Az embereket arra b\u00edztatj\u00e1k, hogy ezen a napon viseljenek lila ruh\u00e1t vagy kieg\u00e9sz\u00edt\u0151t, ezzel is kifejezve szolidarit\u00e1sukat azokkal, akik epilepszi\u00e1val \u00e9lnek. A c\u00e9l, hogy felh\u00edvj\u00e1k a figyelmet a betegs\u00e9gre, t\u00e1mogass\u00e1k a betegek k\u00f6z\u00f6ss\u00e9g\u00e9t, \u00e9s \u00f6szt\u00f6n\u00f6zz\u00e9k az inform\u00e1ci\u00f3 megoszt\u00e1s\u00e1t a betegs\u00e9g felismer\u00e9s\u00e9vel \u00e9s kezel\u00e9s\u00e9vel kapcsolatban.A Purple Day alkalm\u00e1val szerte a vil\u00e1gon rendezv\u00e9nyek, el\u0151ad\u00e1sok, \u00e9s adom\u00e1nygy\u0171jt\u0151 esem\u00e9nyek zajlanak, melyek lehet\u0151s\u00e9get biztos\u00edtanak a betegek \u00e9s csal\u00e1djaik sz\u00e1m\u00e1ra a tapasztalataik megoszt\u00e1s\u00e1ra, valamint a t\u00e1rsadalom sz\u00e1m\u00e1ra a tudatoss\u00e1g n\u00f6vel\u00e9s\u00e9re. Az epilepszia vil\u00e1gszerte t\u00f6bb mint 50 milli\u00f3 embert \u00e9rint, \u00e9s a Purple Day c\u00e9lja, hogy mindezek mellett cs\u00f6kkentse a betegek t\u00e1rsadalmi stigm\u00e1j\u00e1t, mik\u00f6zben t\u00e1mogat\u00e1st ny\u00fajt a kutat\u00e1sokban \u00e9s a kezel\u00e9si lehet\u0151s\u00e9gek jav\u00edt\u00e1s\u00e1ban.<\/p>\n\n\n\n<figure class=\"wp-block-image size-large\"><img loading=\"lazy\" decoding=\"async\" width=\"1024\" height=\"1024\" src=\"https:\/\/katolikusifjusagialapitvany.hu\/wp-content\/uploads\/2025\/04\/vilagnap-2-1024x1024.png\" alt=\"\" class=\"wp-image-2234\" srcset=\"https:\/\/katolikusifjusagialapitvany.hu\/wp-content\/uploads\/2025\/04\/vilagnap-2-1024x1024.png 1024w, https:\/\/katolikusifjusagialapitvany.hu\/wp-content\/uploads\/2025\/04\/vilagnap-2-300x300.png 300w, https:\/\/katolikusifjusagialapitvany.hu\/wp-content\/uploads\/2025\/04\/vilagnap-2-150x150.png 150w, https:\/\/katolikusifjusagialapitvany.hu\/wp-content\/uploads\/2025\/04\/vilagnap-2-768x768.png 768w, https:\/\/katolikusifjusagialapitvany.hu\/wp-content\/uploads\/2025\/04\/vilagnap-2.png 1080w\" sizes=\"auto, (max-width: 1024px) 100vw, 1024px\" \/><\/figure>\n\n\n\n<p>A <strong>Purple Day<\/strong> c\u00e9lja, hogy m\u00e9g t\u00f6bb emberhez eljusson az epilepszi\u00e1val kapcsolatos tudatoss\u00e1g, \u00e9s hogy t\u00e1mogassuk a betegeket. \ud83d\udc9c\u2728 Ne felejtsd el ezen a napon viselni a lil\u00e1t, \u00e9s oszd meg a tud\u00e1st, hogy egy jobb \u00e9s t\u00e1mogat\u00f3bb vil\u00e1got \u00e9p\u00edthess\u00fcnk! \ud83c\udf0d\ud83e\udd1d\ud83d\udc9c #PurpleDay #EpilepsyAwareness<\/p>\n","protected":false},"excerpt":{"rendered":"<p>A Purple Day, m\u00e1rcius 26-\u00e1n, egy glob\u00e1lis kezdem\u00e9nyez\u00e9s, amely a<\/p>\n","protected":false},"author":1,"featured_media":0,"comment_status":"open","ping_status":"open","sticky":false,"template":"","format":"standard","meta":{"footnotes":""},"categories":[1],"tags":[],"class_list":["post-2233","post","type-post","status-publish","format-standard","hentry","category-uncategorized"],"_links":{"self":[{"href":"https:\/\/katolikusifjusagialapitvany.hu\/index.php?rest_route=\/wp\/v2\/posts\/2233","targetHints":{"allow":["GET"]}}],"collection":[{"href":"https:\/\/katolikusifjusagialapitvany.hu\/index.php?rest_route=\/wp\/v2\/posts"}],"about":[{"href":"https:\/\/katolikusifjusagialapitvany.hu\/index.php?rest_route=\/wp\/v2\/types\/post"}],"author":[{"embeddable":true,"href":"https:\/\/katolikusifjusagialapitvany.hu\/index.php?rest_route=\/wp\/v2\/users\/1"}],"replies":[{"embeddable":true,"href":"https:\/\/katolikusifjusagialapitvany.hu\/index.php?rest_route=%2Fwp%2Fv2%2Fcomments&post=2233"}],"version-history":[{"count":1,"href":"https:\/\/katolikusifjusagialapitvany.hu\/index.php?rest_route=\/wp\/v2\/posts\/2233\/revisions"}],"predecessor-version":[{"id":2235,"href":"https:\/\/katolikusifjusagialapitvany.hu\/index.php?rest_route=\/wp\/v2\/posts\/2233\/revisions\/2235"}],"wp:attachment":[{"href":"https:\/\/katolikusifjusagialapitvany.hu\/index.php?rest_route=%2Fwp%2Fv2%2Fmedia&parent=2233"}],"wp:term":[{"taxonomy":"category","embeddable":true,"href":"https:\/\/katolikusifjusagialapitvany.hu\/index.php?rest_route=%2Fwp%2Fv2%2Fcategories&post=2233"},{"taxonomy":"post_tag","embeddable":true,"href":"https:\/\/katolikusifjusagialapitvany.hu\/index.php?rest_route=%2Fwp%2Fv2%2Ftags&post=2233"}],"curies":[{"name":"wp","href":"https:\/\/api.w.org\/{rel}","templated":true}]}}