{"id":2264,"date":"2025-04-01T18:14:49","date_gmt":"2025-04-01T18:14:49","guid":{"rendered":"https:\/\/katolikusifjusagialapitvany.hu\/?p=2264"},"modified":"2025-04-01T18:14:50","modified_gmt":"2025-04-01T18:14:50","slug":"aprilis-1-bolondok-napja-%f0%9f%a4%aa%f0%9f%8e%89","status":"publish","type":"post","link":"https:\/\/katolikusifjusagialapitvany.hu\/?p=2264","title":{"rendered":"\u00c1prilis 1. \u2013 Bolondok napja! \ud83e\udd2a\ud83c\udf89"},"content":{"rendered":"\n<p><\/p>\n\n\n\n<p>Ma van az \u00e9v egyik legsz\u00f3rakoztat\u00f3bb napja, amikor b\u00e1rki szabadon viccel\u0151dhet, tr\u00e9f\u00e1lkozhat, \u00e9s persze egy-k\u00e9t m\u00f3k\u00e1s \u00e1tver\u00e9s is belef\u00e9r! \u00c1prilis 1-j\u00e9n mindenki lehet egy kis bolond, hiszen ez a Bolondok napja \u2013 egy nemzetk\u00f6zi sz\u00f3rakoztat\u00f3 hagyom\u00e1ny, amit m\u00e1r \u00e9vsz\u00e1zadok \u00f3ta \u00fcnnepl\u00fcnk. De honnan is ered ez a vid\u00e1m szok\u00e1s?<\/p>\n\n\n\n<figure class=\"wp-block-image size-full\"><img loading=\"lazy\" decoding=\"async\" width=\"526\" height=\"526\" src=\"https:\/\/katolikusifjusagialapitvany.hu\/wp-content\/uploads\/2025\/04\/487507126_122197272914119364_5869973358007689477_n.jpg\" alt=\"\" class=\"wp-image-2265\" srcset=\"https:\/\/katolikusifjusagialapitvany.hu\/wp-content\/uploads\/2025\/04\/487507126_122197272914119364_5869973358007689477_n.jpg 526w, https:\/\/katolikusifjusagialapitvany.hu\/wp-content\/uploads\/2025\/04\/487507126_122197272914119364_5869973358007689477_n-300x300.jpg 300w, https:\/\/katolikusifjusagialapitvany.hu\/wp-content\/uploads\/2025\/04\/487507126_122197272914119364_5869973358007689477_n-150x150.jpg 150w\" sizes=\"auto, (max-width: 526px) 100vw, 526px\" \/><\/figure>\n\n\n\n<p><strong>A Bolondok napja t\u00f6rt\u00e9nete:<\/strong><\/p>\n\n\n\n<p>A legt\u00f6bb t\u00f6rt\u00e9n\u00e9sz szerint az \u00e1prilisi tr\u00e9f\u00e1lkoz\u00e1s gy\u00f6kerei a 16. sz\u00e1zadi Franciaorsz\u00e1gba ny\u00falnak vissza. Akkoriban ugyanis a napt\u00e1rreform k\u00f6vetkezt\u00e9ben janu\u00e1r 1-j\u00e9t tett\u00e9k az \u00faj \u00e9v kezdet\u00e9nek. Azok, akik nem k\u00f6vett\u00e9k a v\u00e1ltoz\u00e1st, \u00e9s tov\u00e1bbra is \u00e1prilis 1-j\u00e9n \u00fcnnepelt\u00e9k az \u00faj \u00e9vet, g\u00fany t\u00e1rgy\u00e1v\u00e1 v\u00e1ltak. Az emberek viccet csin\u00e1ltak bel\u0151l\u00fck, \u00e9s \u0151ket nevezt\u00e9k el \u201e\u00e1prilisi bolondoknak\u201d. A hagyom\u00e1ny szerint ezen a napon a bolondok azok, akik nem figyeltek a napt\u00e1rra \u2013 \u00edgy az \u00e1prilisi tr\u00e9f\u00e1lkoz\u00e1sokat szimboliz\u00e1lva, mindenf\u00e9le m\u00f3k\u00e1s cs\u00ednytev\u00e9sekkel pr\u00f3b\u00e1lt\u00e1k \u0151ket megviccelni. \ud83d\ude43 A francia hagyom\u00e1nyok gyorsan elterjedtek m\u00e1s orsz\u00e1gokban is, \u00e9s egyre ink\u00e1bb a sz\u00f3rakoz\u00e1s \u00e9s a nevet\u00e9s v\u00e1lt a f\u0151 c\u00e9ljukk\u00e1. A nap l\u00e9nyege m\u00e1r nemcsak az \u00e1tver\u00e9sekre, hanem ink\u00e1bb a vid\u00e1ms\u00e1gra, a k\u00f6z\u00f6ss\u00e9gi \u00e9lm\u00e9nyre \u00f6sszpontos\u00edt. Manaps\u00e1g mindenki lehet \u201ebolond\u201d, legyen sz\u00f3 bar\u00e1tokkal val\u00f3 tr\u00e9f\u00e1lkoz\u00e1sr\u00f3l, vagy ak\u00e1r a munkahelyen elj\u00e1tszott apr\u00f3 \u00e1tver\u00e9sekr\u0151l. A Bolondok napja az \u00e9vek sor\u00e1n igazi glob\u00e1lis \u00fcnnepp\u00e9 v\u00e1lt, amely a vil\u00e1g sz\u00e1mos orsz\u00e1g\u00e1ban elterjedt. Az internetnek k\u00f6sz\u00f6nhet\u0151en m\u00e1r virtu\u00e1lis \u00e1tver\u00e9sek is terjednek, mint p\u00e9ld\u00e1ul a h\u00edres \u00e1prilisi tr\u00e9fa, amit a nagy c\u00e9gek \u00e9s m\u00e9diumok is sz\u00edvesen alkalmaznak. Gondoljunk csak a Google-ra, amely mindig k\u00e9sz\u00edt valamilyen m\u00f3k\u00e1s \u00e1tver\u00e9st, vagy a k\u00fcl\u00f6nb\u00f6z\u0151 c\u00e9gekre, akik \u201e\u00faj term\u00e9keikkel\u201d lepik meg a k\u00f6z\u00f6ns\u00e9get. Az \u00e1prilisi bolondoz\u00e1s nemcsak a viccekr\u0151l sz\u00f3l \u2013 hanem a sz\u00f3rakoz\u00e1sr\u00f3l, az \u00f6sszetart\u00e1sr\u00f3l, \u00e9s a nevet\u00e9sr\u0151l is! \ud83d\ude04<\/p>\n\n\n\n<p><\/p>\n","protected":false},"excerpt":{"rendered":"<p>Ma van az \u00e9v egyik legsz\u00f3rakoztat\u00f3bb napja, amikor b\u00e1rki szabadon<\/p>\n","protected":false},"author":1,"featured_media":0,"comment_status":"open","ping_status":"open","sticky":false,"template":"","format":"standard","meta":{"footnotes":""},"categories":[1],"tags":[],"class_list":["post-2264","post","type-post","status-publish","format-standard","hentry","category-uncategorized"],"_links":{"self":[{"href":"https:\/\/katolikusifjusagialapitvany.hu\/index.php?rest_route=\/wp\/v2\/posts\/2264","targetHints":{"allow":["GET"]}}],"collection":[{"href":"https:\/\/katolikusifjusagialapitvany.hu\/index.php?rest_route=\/wp\/v2\/posts"}],"about":[{"href":"https:\/\/katolikusifjusagialapitvany.hu\/index.php?rest_route=\/wp\/v2\/types\/post"}],"author":[{"embeddable":true,"href":"https:\/\/katolikusifjusagialapitvany.hu\/index.php?rest_route=\/wp\/v2\/users\/1"}],"replies":[{"embeddable":true,"href":"https:\/\/katolikusifjusagialapitvany.hu\/index.php?rest_route=%2Fwp%2Fv2%2Fcomments&post=2264"}],"version-history":[{"count":1,"href":"https:\/\/katolikusifjusagialapitvany.hu\/index.php?rest_route=\/wp\/v2\/posts\/2264\/revisions"}],"predecessor-version":[{"id":2266,"href":"https:\/\/katolikusifjusagialapitvany.hu\/index.php?rest_route=\/wp\/v2\/posts\/2264\/revisions\/2266"}],"wp:attachment":[{"href":"https:\/\/katolikusifjusagialapitvany.hu\/index.php?rest_route=%2Fwp%2Fv2%2Fmedia&parent=2264"}],"wp:term":[{"taxonomy":"category","embeddable":true,"href":"https:\/\/katolikusifjusagialapitvany.hu\/index.php?rest_route=%2Fwp%2Fv2%2Fcategories&post=2264"},{"taxonomy":"post_tag","embeddable":true,"href":"https:\/\/katolikusifjusagialapitvany.hu\/index.php?rest_route=%2Fwp%2Fv2%2Ftags&post=2264"}],"curies":[{"name":"wp","href":"https:\/\/api.w.org\/{rel}","templated":true}]}}