{"id":2288,"date":"2025-04-11T10:19:25","date_gmt":"2025-04-11T10:19:25","guid":{"rendered":"https:\/\/katolikusifjusagialapitvany.hu\/?p=2288"},"modified":"2025-04-11T10:19:25","modified_gmt":"2025-04-11T10:19:25","slug":"aprilis-11-a-magyar-kolteszet-napja","status":"publish","type":"post","link":"https:\/\/katolikusifjusagialapitvany.hu\/?p=2288","title":{"rendered":"\u00c1prilis 11. \u2013 A Magyar K\u00f6lt\u00e9szet Napja."},"content":{"rendered":"\n<figure class=\"wp-block-gallery has-nested-images columns-default is-cropped wp-block-gallery-1 is-layout-flex wp-block-gallery-is-layout-flex\">\n<figure class=\"wp-block-image size-large\"><img loading=\"lazy\" decoding=\"async\" width=\"1024\" height=\"1024\" data-id=\"2289\" src=\"https:\/\/katolikusifjusagialapitvany.hu\/wp-content\/uploads\/2025\/04\/vilagnap-1024x1024.png\" alt=\"\" class=\"wp-image-2289\" srcset=\"https:\/\/katolikusifjusagialapitvany.hu\/wp-content\/uploads\/2025\/04\/vilagnap-1024x1024.png 1024w, https:\/\/katolikusifjusagialapitvany.hu\/wp-content\/uploads\/2025\/04\/vilagnap-300x300.png 300w, https:\/\/katolikusifjusagialapitvany.hu\/wp-content\/uploads\/2025\/04\/vilagnap-150x150.png 150w, https:\/\/katolikusifjusagialapitvany.hu\/wp-content\/uploads\/2025\/04\/vilagnap-768x768.png 768w, https:\/\/katolikusifjusagialapitvany.hu\/wp-content\/uploads\/2025\/04\/vilagnap.png 1080w\" sizes=\"auto, (max-width: 1024px) 100vw, 1024px\" \/><\/figure>\n<\/figure>\n\n\n\n<p>Ezen a napon \u00fcnnepelj\u00fck a verset, a szavak erej\u00e9t, az \u00e9rz\u00e9sek kimondhat\u00f3s\u00e1g\u00e1t \u2013 \u00e9s persze J\u00f3zsef Attila sz\u00fclet\u00e9snapj\u00e1t, aki nemcsak a magyar irodalom egyik legmeghat\u00e1roz\u00f3bb alakja volt, hanem egy olyan ember, aki verseiben a legm\u00e9lyebb emberi tapasztalatokat, f\u00e1jdalmakat \u00e9s rem\u00e9nyeket tudta form\u00e1ba \u00f6nteni. A k\u00f6lt\u00e9szet napja azonban nemcsak r\u00f3la sz\u00f3l, hanem mindannyiunkr\u00f3l. Azokr\u00f3l a pillanatokr\u00f3l, amikor egy sor \u00fagy tal\u00e1l r\u00e1nk, mintha nek\u00fcnk \u00edrt\u00e1k volna. Azokr\u00f3l a szavakr\u00f3l, amiket mi sem tudtunk kimondani, de valaki m\u00e1s m\u00e1r megtette helyett\u00fcnk. <\/p>\n\n\n\n<p>Ebben a rohan\u00f3 vil\u00e1gban ritk\u00e1n adunk id\u0151t a l\u00edr\u00e1nak. De ma tal\u00e1n \u00e1lljunk meg egy percre. Lapozzunk fel egy r\u00e9gi k\u00f6tetet, keress\u00fcnk egy sort, amit gyerekk\u00e9nt tanultunk, vagy fedezz\u00fcnk fel egy \u00faj kort\u00e1rs k\u00f6lt\u0151t, aki most is a vil\u00e1gunkat pr\u00f3b\u00e1lja meg\u00e9rteni verssorokban.<\/p>\n\n\n\n<p>\u00cdme n\u00e9h\u00e1ny gondolat, amivel ma elindulhatunk:<\/p>\n\n\n\n<p>\u2022 \u201eAz ember v\u00e9g\u00fcl homokos, szomor\u00fa, vizes s\u00edkra \u00e9r, \/ ahol nem mozdul semmi sem, \u00e9s nincsenek m\u00e1r d\u00edszek.\u201d \u2013 J\u00f3zsef Attila<\/p>\n\n\n\n<p>\u2022 \u201e\u00c9s l\u00e1tod, nincs t\u00f6bb sz\u00f3, csak a csend, a megb\u00e9k\u00e9l\u00e9s szava.\u201d \u2013 Pilinszky J\u00e1nos<\/p>\n\n\n\n<p>\u2022 \u201eA vil\u00e1g kiny\u00edlik egy versben.\u201d \u2013 Szab\u00f3 T. Anna<\/p>\n\n\n\n<p>#magyark\u00f6lt\u00e9szetnapja #versbenaz\u00e9let #j\u00f3zsefattila #versma\u00a0<br><\/p>\n","protected":false},"excerpt":{"rendered":"<p>Ezen a napon \u00fcnnepelj\u00fck a verset, a szavak erej\u00e9t, az<\/p>\n","protected":false},"author":1,"featured_media":0,"comment_status":"open","ping_status":"open","sticky":false,"template":"","format":"standard","meta":{"footnotes":""},"categories":[1],"tags":[],"class_list":["post-2288","post","type-post","status-publish","format-standard","hentry","category-uncategorized"],"_links":{"self":[{"href":"https:\/\/katolikusifjusagialapitvany.hu\/index.php?rest_route=\/wp\/v2\/posts\/2288","targetHints":{"allow":["GET"]}}],"collection":[{"href":"https:\/\/katolikusifjusagialapitvany.hu\/index.php?rest_route=\/wp\/v2\/posts"}],"about":[{"href":"https:\/\/katolikusifjusagialapitvany.hu\/index.php?rest_route=\/wp\/v2\/types\/post"}],"author":[{"embeddable":true,"href":"https:\/\/katolikusifjusagialapitvany.hu\/index.php?rest_route=\/wp\/v2\/users\/1"}],"replies":[{"embeddable":true,"href":"https:\/\/katolikusifjusagialapitvany.hu\/index.php?rest_route=%2Fwp%2Fv2%2Fcomments&post=2288"}],"version-history":[{"count":1,"href":"https:\/\/katolikusifjusagialapitvany.hu\/index.php?rest_route=\/wp\/v2\/posts\/2288\/revisions"}],"predecessor-version":[{"id":2290,"href":"https:\/\/katolikusifjusagialapitvany.hu\/index.php?rest_route=\/wp\/v2\/posts\/2288\/revisions\/2290"}],"wp:attachment":[{"href":"https:\/\/katolikusifjusagialapitvany.hu\/index.php?rest_route=%2Fwp%2Fv2%2Fmedia&parent=2288"}],"wp:term":[{"taxonomy":"category","embeddable":true,"href":"https:\/\/katolikusifjusagialapitvany.hu\/index.php?rest_route=%2Fwp%2Fv2%2Fcategories&post=2288"},{"taxonomy":"post_tag","embeddable":true,"href":"https:\/\/katolikusifjusagialapitvany.hu\/index.php?rest_route=%2Fwp%2Fv2%2Ftags&post=2288"}],"curies":[{"name":"wp","href":"https:\/\/api.w.org\/{rel}","templated":true}]}}