{"id":2291,"date":"2025-04-15T09:19:23","date_gmt":"2025-04-15T09:19:23","guid":{"rendered":"https:\/\/katolikusifjusagialapitvany.hu\/?p=2291"},"modified":"2025-04-15T09:32:28","modified_gmt":"2025-04-15T09:32:28","slug":"masodik-modul-osszefoglalo","status":"publish","type":"post","link":"https:\/\/katolikusifjusagialapitvany.hu\/?p=2291","title":{"rendered":"M\u00e1sodik modul \u00f6sszefoglal\u00f3"},"content":{"rendered":"\n<p>\ud83c\udded\ud83c\uddfa \u00c1prilis 9. \u00e9s 12. k\u00f6z\u00f6tt folytat\u00f3dott a Parks4All k\u00e9pz\u00e9s, ez\u00fattal a szerbiai Kanizs\u00e1n. A program m\u00e1sodik modulja a kultur\u00e1lis esem\u00e9nyek k\u00f6zparkokban val\u00f3 szervez\u00e9s\u00e9nek kih\u00edv\u00e1saira f\u00f3kusz\u00e1lt. A r\u00e9sztvev\u0151k megismerkedtek a kock\u00e1zat\u00e9rt\u00e9kel\u00e9s alapjaival, a term\u00e9szetes helysz\u00ednek kreat\u00edv felhaszn\u00e1l\u00e1s\u00e1val, valamint azzal, hogyan lehet el\u0151seg\u00edteni a m\u0171v\u00e9szek \u00e9s a helyi k\u00f6z\u00f6ss\u00e9gek egy\u00fcttm\u0171k\u00f6d\u00e9s\u00e9t. Inspir\u00e1l\u00f3 besz\u00e9lget\u00e9sek, gyakorlati feladatok \u00e9s k\u00f6z\u00f6s gondolkod\u00e1s jellemezte a n\u00e9gy napot.<\/p>\n\n\n\n<p>\ud83c\uddec\ud83c\udde7 Between April 9 and 12, the Parks4All training program continued in Kanji\u017ea, Serbia, with its second module. This session focused on the challenges of organizing cultural events in public parks. Participants learned about risk assessment, the creative use of natural venues, and ways to foster collaborations between artists and local communities. The four days were filled with inspiring discussions, hands-on activities, and shared ideas.<\/p>\n\n\n\n<p>\ud83c\uddf7\ud83c\uddf8 Izme\u0111u 9. i 12. aprila, Parks4All obuka je nastavila u Kanji\u017ei, Srbija, sa drugim modulom. Ovaj deo obuke fokusirao se na izazove organizovanja kulturnih doga\u0111aja u javnim parkovima. U\u010desnici su se upoznali sa osnovama procene rizika, kreativnim kori\u0161\u0107enjem prirodnih lokacija, kao i na\u010dinima za podsticanje saradnje izme\u0111u umetnika i lokalnih zajednica. \u010cetiri dana bila su ispunjena inspirativnim diskusijama, prakti\u010dnim zadacima i zajedni\u010dkim razmi\u0161ljanjima.<\/p>\n\n\n\n<figure class=\"wp-block-gallery has-nested-images columns-default is-cropped wp-block-gallery-1 is-layout-flex wp-block-gallery-is-layout-flex\">\n<figure class=\"wp-block-image size-large\"><img loading=\"lazy\" decoding=\"async\" width=\"1024\" height=\"884\" data-id=\"2298\" src=\"https:\/\/katolikusifjusagialapitvany.hu\/wp-content\/uploads\/2025\/04\/p4a-HU-Interreg-2-1024x884.png\" alt=\"\" class=\"wp-image-2298\" srcset=\"https:\/\/katolikusifjusagialapitvany.hu\/wp-content\/uploads\/2025\/04\/p4a-HU-Interreg-2-1024x884.png 1024w, https:\/\/katolikusifjusagialapitvany.hu\/wp-content\/uploads\/2025\/04\/p4a-HU-Interreg-2-300x259.png 300w, https:\/\/katolikusifjusagialapitvany.hu\/wp-content\/uploads\/2025\/04\/p4a-HU-Interreg-2-768x663.png 768w, https:\/\/katolikusifjusagialapitvany.hu\/wp-content\/uploads\/2025\/04\/p4a-HU-Interreg-2-1536x1326.png 1536w, https:\/\/katolikusifjusagialapitvany.hu\/wp-content\/uploads\/2025\/04\/p4a-HU-Interreg-2.png 2048w\" sizes=\"auto, (max-width: 1024px) 100vw, 1024px\" \/><\/figure>\n\n\n\n<figure class=\"wp-block-image size-large\"><img loading=\"lazy\" decoding=\"async\" width=\"1024\" height=\"884\" data-id=\"2297\" src=\"https:\/\/katolikusifjusagialapitvany.hu\/wp-content\/uploads\/2025\/04\/p4a-HU-Interreg--1024x884.png\" alt=\"\" class=\"wp-image-2297\" srcset=\"https:\/\/katolikusifjusagialapitvany.hu\/wp-content\/uploads\/2025\/04\/p4a-HU-Interreg--1024x884.png 1024w, https:\/\/katolikusifjusagialapitvany.hu\/wp-content\/uploads\/2025\/04\/p4a-HU-Interreg--300x259.png 300w, https:\/\/katolikusifjusagialapitvany.hu\/wp-content\/uploads\/2025\/04\/p4a-HU-Interreg--768x663.png 768w, https:\/\/katolikusifjusagialapitvany.hu\/wp-content\/uploads\/2025\/04\/p4a-HU-Interreg--1536x1326.png 1536w, https:\/\/katolikusifjusagialapitvany.hu\/wp-content\/uploads\/2025\/04\/p4a-HU-Interreg-.png 2048w\" sizes=\"auto, (max-width: 1024px) 100vw, 1024px\" \/><\/figure>\n\n\n\n<figure class=\"wp-block-image size-large\"><img loading=\"lazy\" decoding=\"async\" width=\"791\" height=\"1024\" data-id=\"2295\" src=\"https:\/\/katolikusifjusagialapitvany.hu\/wp-content\/uploads\/2025\/04\/Nevtelen-terv-6-791x1024.png\" alt=\"\" class=\"wp-image-2295\" srcset=\"https:\/\/katolikusifjusagialapitvany.hu\/wp-content\/uploads\/2025\/04\/Nevtelen-terv-6-791x1024.png 791w, https:\/\/katolikusifjusagialapitvany.hu\/wp-content\/uploads\/2025\/04\/Nevtelen-terv-6-232x300.png 232w, https:\/\/katolikusifjusagialapitvany.hu\/wp-content\/uploads\/2025\/04\/Nevtelen-terv-6-768x994.png 768w, https:\/\/katolikusifjusagialapitvany.hu\/wp-content\/uploads\/2025\/04\/Nevtelen-terv-6-1187x1536.png 1187w, https:\/\/katolikusifjusagialapitvany.hu\/wp-content\/uploads\/2025\/04\/Nevtelen-terv-6-1024x1326.png 1024w, https:\/\/katolikusifjusagialapitvany.hu\/wp-content\/uploads\/2025\/04\/Nevtelen-terv-6.png 1545w\" sizes=\"auto, (max-width: 791px) 100vw, 791px\" \/><\/figure>\n\n\n\n<figure class=\"wp-block-image size-large\"><img loading=\"lazy\" decoding=\"async\" width=\"724\" height=\"1024\" data-id=\"2296\" src=\"https:\/\/katolikusifjusagialapitvany.hu\/wp-content\/uploads\/2025\/04\/p4a-HU-Interreg-4-1-724x1024.png\" alt=\"\" class=\"wp-image-2296\" srcset=\"https:\/\/katolikusifjusagialapitvany.hu\/wp-content\/uploads\/2025\/04\/p4a-HU-Interreg-4-1-724x1024.png 724w, https:\/\/katolikusifjusagialapitvany.hu\/wp-content\/uploads\/2025\/04\/p4a-HU-Interreg-4-1-212x300.png 212w, https:\/\/katolikusifjusagialapitvany.hu\/wp-content\/uploads\/2025\/04\/p4a-HU-Interreg-4-1-768x1086.png 768w, https:\/\/katolikusifjusagialapitvany.hu\/wp-content\/uploads\/2025\/04\/p4a-HU-Interreg-4-1-1086x1536.png 1086w, https:\/\/katolikusifjusagialapitvany.hu\/wp-content\/uploads\/2025\/04\/p4a-HU-Interreg-4-1-1024x1448.png 1024w, https:\/\/katolikusifjusagialapitvany.hu\/wp-content\/uploads\/2025\/04\/p4a-HU-Interreg-4-1.png 1414w\" sizes=\"auto, (max-width: 724px) 100vw, 724px\" \/><\/figure>\n\n\n\n<figure class=\"wp-block-image size-large\"><img loading=\"lazy\" decoding=\"async\" width=\"1024\" height=\"884\" data-id=\"2299\" src=\"https:\/\/katolikusifjusagialapitvany.hu\/wp-content\/uploads\/2025\/04\/p4a-HU-Interreg-8-1-1024x884.png\" alt=\"\" class=\"wp-image-2299\" srcset=\"https:\/\/katolikusifjusagialapitvany.hu\/wp-content\/uploads\/2025\/04\/p4a-HU-Interreg-8-1-1024x884.png 1024w, https:\/\/katolikusifjusagialapitvany.hu\/wp-content\/uploads\/2025\/04\/p4a-HU-Interreg-8-1-300x259.png 300w, https:\/\/katolikusifjusagialapitvany.hu\/wp-content\/uploads\/2025\/04\/p4a-HU-Interreg-8-1-768x663.png 768w, https:\/\/katolikusifjusagialapitvany.hu\/wp-content\/uploads\/2025\/04\/p4a-HU-Interreg-8-1-1536x1326.png 1536w, https:\/\/katolikusifjusagialapitvany.hu\/wp-content\/uploads\/2025\/04\/p4a-HU-Interreg-8-1.png 2048w\" sizes=\"auto, (max-width: 1024px) 100vw, 1024px\" \/><\/figure>\n\n\n\n<figure class=\"wp-block-image size-large\"><img loading=\"lazy\" decoding=\"async\" width=\"791\" height=\"1024\" data-id=\"2300\" src=\"https:\/\/katolikusifjusagialapitvany.hu\/wp-content\/uploads\/2025\/04\/p4all-791x1024.png\" alt=\"\" class=\"wp-image-2300\" srcset=\"https:\/\/katolikusifjusagialapitvany.hu\/wp-content\/uploads\/2025\/04\/p4all-791x1024.png 791w, https:\/\/katolikusifjusagialapitvany.hu\/wp-content\/uploads\/2025\/04\/p4all-232x300.png 232w, https:\/\/katolikusifjusagialapitvany.hu\/wp-content\/uploads\/2025\/04\/p4all-768x994.png 768w, https:\/\/katolikusifjusagialapitvany.hu\/wp-content\/uploads\/2025\/04\/p4all-1187x1536.png 1187w, https:\/\/katolikusifjusagialapitvany.hu\/wp-content\/uploads\/2025\/04\/p4all-1024x1326.png 1024w, https:\/\/katolikusifjusagialapitvany.hu\/wp-content\/uploads\/2025\/04\/p4all.png 1545w\" sizes=\"auto, (max-width: 791px) 100vw, 791px\" \/><\/figure>\n<\/figure>\n\n\n\n<p>This project is realized with the financial assistance of the European Union through the Interreg VI-A IPA Hungary-Serbia programme. The content of this text is the sole responsibility of Catholic Youth Foundation and can under no circumstances be regarded as reflecting the position of the European Union and\/or the Managing Authority of the Programme. The project partners are: Cinema City (Srb, Lead partner), Novi Sad 2022 European Capital of Culture Foundation (Srb), Youth and Cultural Association Wemsical Serbia (Srb), DDTG Nonprofit. (Hu) and Catholic Youth Foundation (Hu) and Millenniumi K\u00e1v\u00e9h\u00e1z \u00e9s Klub, Szeged .<\/p>\n\n\n\n<p>#Interreg #HungarySerbia #husrb #Parks4All #Hungary #Serbia #CinemaCity #NoviSad2022 #WemsicalSerbiaYouthAssociation #Wemsical #DDTG #CatholicYouthFoundation<\/p>\n","protected":false},"excerpt":{"rendered":"<p>\ud83c\udded\ud83c\uddfa \u00c1prilis 9. \u00e9s 12. k\u00f6z\u00f6tt folytat\u00f3dott a Parks4All k\u00e9pz\u00e9s,<\/p>\n","protected":false},"author":1,"featured_media":0,"comment_status":"open","ping_status":"open","sticky":false,"template":"","format":"standard","meta":{"footnotes":""},"categories":[1],"tags":[],"class_list":["post-2291","post","type-post","status-publish","format-standard","hentry","category-uncategorized"],"_links":{"self":[{"href":"https:\/\/katolikusifjusagialapitvany.hu\/index.php?rest_route=\/wp\/v2\/posts\/2291","targetHints":{"allow":["GET"]}}],"collection":[{"href":"https:\/\/katolikusifjusagialapitvany.hu\/index.php?rest_route=\/wp\/v2\/posts"}],"about":[{"href":"https:\/\/katolikusifjusagialapitvany.hu\/index.php?rest_route=\/wp\/v2\/types\/post"}],"author":[{"embeddable":true,"href":"https:\/\/katolikusifjusagialapitvany.hu\/index.php?rest_route=\/wp\/v2\/users\/1"}],"replies":[{"embeddable":true,"href":"https:\/\/katolikusifjusagialapitvany.hu\/index.php?rest_route=%2Fwp%2Fv2%2Fcomments&post=2291"}],"version-history":[{"count":2,"href":"https:\/\/katolikusifjusagialapitvany.hu\/index.php?rest_route=\/wp\/v2\/posts\/2291\/revisions"}],"predecessor-version":[{"id":2308,"href":"https:\/\/katolikusifjusagialapitvany.hu\/index.php?rest_route=\/wp\/v2\/posts\/2291\/revisions\/2308"}],"wp:attachment":[{"href":"https:\/\/katolikusifjusagialapitvany.hu\/index.php?rest_route=%2Fwp%2Fv2%2Fmedia&parent=2291"}],"wp:term":[{"taxonomy":"category","embeddable":true,"href":"https:\/\/katolikusifjusagialapitvany.hu\/index.php?rest_route=%2Fwp%2Fv2%2Fcategories&post=2291"},{"taxonomy":"post_tag","embeddable":true,"href":"https:\/\/katolikusifjusagialapitvany.hu\/index.php?rest_route=%2Fwp%2Fv2%2Ftags&post=2291"}],"curies":[{"name":"wp","href":"https:\/\/api.w.org\/{rel}","templated":true}]}}