{"id":2310,"date":"2025-04-18T10:05:00","date_gmt":"2025-04-18T10:05:00","guid":{"rendered":"https:\/\/katolikusifjusagialapitvany.hu\/?p=2310"},"modified":"2025-04-19T11:05:45","modified_gmt":"2025-04-19T11:05:45","slug":"nagypentek-a-csend-es-megemlekezes-napja","status":"publish","type":"post","link":"https:\/\/katolikusifjusagialapitvany.hu\/?p=2310","title":{"rendered":"Nagyp\u00e9ntek: A csend \u00e9s megeml\u00e9kez\u00e9s napja"},"content":{"rendered":"\n<p>A kereszt\u00e9ny vil\u00e1g egyik legjelent\u0151sebb, legm\u00e9lyebb tartalm\u00fa napja a <strong>Nagyp\u00e9ntek<\/strong>, amely J\u00e9zus Krisztus kereszthal\u00e1l\u00e1ra eml\u00e9keztet. Ez a nap nemcsak vall\u00e1si \u00e9rtelemben k\u00fcl\u00f6nleges, hanem a magyar kult\u00far\u00e1ban \u00e9s hagyom\u00e1nyvil\u00e1gban is fontos szerepet t\u00f6lt be. <\/p>\n\n\n\n<figure class=\"wp-block-image size-large\"><img loading=\"lazy\" decoding=\"async\" width=\"1024\" height=\"1024\" src=\"https:\/\/katolikusifjusagialapitvany.hu\/wp-content\/uploads\/2025\/04\/vilagnap-2-1-1024x1024.png\" alt=\"\" class=\"wp-image-2311\" srcset=\"https:\/\/katolikusifjusagialapitvany.hu\/wp-content\/uploads\/2025\/04\/vilagnap-2-1-1024x1024.png 1024w, https:\/\/katolikusifjusagialapitvany.hu\/wp-content\/uploads\/2025\/04\/vilagnap-2-1-300x300.png 300w, https:\/\/katolikusifjusagialapitvany.hu\/wp-content\/uploads\/2025\/04\/vilagnap-2-1-150x150.png 150w, https:\/\/katolikusifjusagialapitvany.hu\/wp-content\/uploads\/2025\/04\/vilagnap-2-1-768x768.png 768w, https:\/\/katolikusifjusagialapitvany.hu\/wp-content\/uploads\/2025\/04\/vilagnap-2-1.png 1080w\" sizes=\"auto, (max-width: 1024px) 100vw, 1024px\" \/><\/figure>\n\n\n\n<h3 class=\"wp-block-heading\">\u2753 Mi\u00e9rt fontos a Nagyp\u00e9ntek?<\/h3>\n\n\n\n<p>Nagyp\u00e9ntek a nagyh\u00e9t k\u00f6zponti esem\u00e9nye \ud83d\udcc5, amely a szenved\u00e9s, az \u00e1ldozat \u00e9s a b\u0171nb\u00e1nat napja.<br>Ezen a napon nincs szentmise, mivel maga az \u00f6r\u00f6k F\u0151pap, Krisztus mutatta be \u00e1ldozat\u00e1t a kereszt olt\u00e1r\u00e1n. Ez a nap a gy\u00e1sz, a csend \u00e9s az elm\u00e9ly\u00fcl\u00e9s ideje. A templomokban csak passi\u00f3olvas\u00e1s \u00e9s csendes im\u00e1ds\u00e1g van. A kereszt\u00e9ny \u00fczenet szerint J\u00e9zus kereszthal\u00e1la a<strong> <\/strong>megv\u00e1lt\u00e1s jele \u2013 ebb\u0151l fakad a h\u00fasv\u00e9ti rem\u00e9ny.<\/p>\n\n\n\n<h3 class=\"wp-block-heading\"><strong>Hagyom\u00e1nyok \u00e9s szok\u00e1sok<\/strong>:<\/h3>\n\n\n\n<p>&#8211;<strong>Hiedelmek<\/strong>: a nagyp\u00e9nteki forr\u00e1sv\u00edz gy\u00f3gy\u00edt\u00f3 erej\u0171 \u2013 hitt\u00e9k.<\/p>\n\n\n\n<p>&#8211;<strong>B\u00f6jt<\/strong>: sokan tart\u00f3zkodnak a h\u00fast\u00f3l \u00e9s kevesebbet esznek.<\/p>\n\n\n\n<p>&#8211;<strong>Csendes nap<\/strong>: r\u00e9gen nem dolgoztak, nem v\u00e9geztek hangos tev\u00e9kenys\u00e9get.<\/p>\n\n\n\n<p><\/p>\n\n\n\n<p><strong>\u201eElv\u00e9geztetett.\u201d \u271d\ufe0f<\/strong> \u2013 J\u00e9zus utols\u00f3 szavai a kereszten m\u00e9ly tartalmat hordoznak, \u00e9s arra h\u00edvnak benn\u00fcnket, hogy meg\u00e9rts\u00fck: <strong>a szenved\u00e9sen is \u00e1t\u00edvelhet a szeretet ereje \u2764\ufe0f<\/strong>.<\/p>\n","protected":false},"excerpt":{"rendered":"<p>A kereszt\u00e9ny vil\u00e1g egyik legjelent\u0151sebb, legm\u00e9lyebb tartalm\u00fa napja a Nagyp\u00e9ntek,<\/p>\n","protected":false},"author":1,"featured_media":0,"comment_status":"open","ping_status":"open","sticky":false,"template":"","format":"standard","meta":{"footnotes":""},"categories":[1],"tags":[],"class_list":["post-2310","post","type-post","status-publish","format-standard","hentry","category-uncategorized"],"_links":{"self":[{"href":"https:\/\/katolikusifjusagialapitvany.hu\/index.php?rest_route=\/wp\/v2\/posts\/2310","targetHints":{"allow":["GET"]}}],"collection":[{"href":"https:\/\/katolikusifjusagialapitvany.hu\/index.php?rest_route=\/wp\/v2\/posts"}],"about":[{"href":"https:\/\/katolikusifjusagialapitvany.hu\/index.php?rest_route=\/wp\/v2\/types\/post"}],"author":[{"embeddable":true,"href":"https:\/\/katolikusifjusagialapitvany.hu\/index.php?rest_route=\/wp\/v2\/users\/1"}],"replies":[{"embeddable":true,"href":"https:\/\/katolikusifjusagialapitvany.hu\/index.php?rest_route=%2Fwp%2Fv2%2Fcomments&post=2310"}],"version-history":[{"count":1,"href":"https:\/\/katolikusifjusagialapitvany.hu\/index.php?rest_route=\/wp\/v2\/posts\/2310\/revisions"}],"predecessor-version":[{"id":2312,"href":"https:\/\/katolikusifjusagialapitvany.hu\/index.php?rest_route=\/wp\/v2\/posts\/2310\/revisions\/2312"}],"wp:attachment":[{"href":"https:\/\/katolikusifjusagialapitvany.hu\/index.php?rest_route=%2Fwp%2Fv2%2Fmedia&parent=2310"}],"wp:term":[{"taxonomy":"category","embeddable":true,"href":"https:\/\/katolikusifjusagialapitvany.hu\/index.php?rest_route=%2Fwp%2Fv2%2Fcategories&post=2310"},{"taxonomy":"post_tag","embeddable":true,"href":"https:\/\/katolikusifjusagialapitvany.hu\/index.php?rest_route=%2Fwp%2Fv2%2Ftags&post=2310"}],"curies":[{"name":"wp","href":"https:\/\/api.w.org\/{rel}","templated":true}]}}