{"id":2320,"date":"2025-04-27T18:49:12","date_gmt":"2025-04-27T18:49:12","guid":{"rendered":"https:\/\/katolikusifjusagialapitvany.hu\/?p=2320"},"modified":"2025-04-27T18:49:13","modified_gmt":"2025-04-27T18:49:13","slug":"harmadik-modul-osszefoglalo","status":"publish","type":"post","link":"https:\/\/katolikusifjusagialapitvany.hu\/?p=2320","title":{"rendered":"Harmadik modul \u00f6sszefoglal\u00f3"},"content":{"rendered":"\n<p>\ud83c\udded\ud83c\uddfa \u00c1prilis 23. \u00e9s 27. k\u00f6z\u00f6tt M\u00f3rahalom adott otthont a Parks4All projekt harmadik modulj\u00e1nak, ahol n\u00e9gy nap alatt rengeteg \u00e9lm\u00e9nnyel \u00e9s tud\u00e1ssal gazdagodtak a r\u00e9sztvev\u0151k. A h\u00e9t kommunik\u00e1ci\u00f3val \u00e9s marketinggel indult, amit nagy lelkesed\u00e9ssel fogadtak, majd a m\u00e1sodik napon a vezet\u0151i k\u00e9szs\u00e9gek\u00e9 \u00e9s kommunik\u00e1ci\u00f3s strat\u00e9gi\u00e1k\u00e9 lett a f\u0151szerep. Az esti bowlingoz\u00e1s j\u00f3 hangulatban z\u00e1rta a napot. A harmadik nap kreat\u00edv \u00f6tletekkel \u00e9s gyakorlati tippekkel telt a social media vil\u00e1g\u00e1ban, d\u00e9lut\u00e1n pedig mindenki meg\u00e9rdemelten pihent a gy\u00f3gyf\u00fcrd\u0151ben. A z\u00e1r\u00f3napon bemutat\u00e1sra ker\u00fcltek az \u201eUltimate plan\u201d projektek, melyek tele voltak innovat\u00edv \u00e9s el\u0151remutat\u00f3 gondolatokkal. A modul szegedi l\u00e1togat\u00e1ssal z\u00e1rult, ahol a hang- \u00e9s l\u00e1tv\u00e1nytechnikai vil\u00e1gba nyerhettek betekint\u00e9st a r\u00e9sztvev\u0151k. Tartalmas \u00e9s inspir\u00e1l\u00f3 n\u00e9gy nap volt. Folytat\u00e1s m\u00e1jus 7\u201310. k\u00f6z\u00f6tt Szegeden! \ud83c\udf1f<\/p>\n\n\n\n<p>\ud83c\uddec\ud83c\udde7 Between April 23 and 27, the third module of the Parks4All project took place in M\u00f3rahalom, bringing four days full of learning, creativity, and fun. The week began with engaging sessions on communication and marketing, followed by a deep dive into leadership and communication strategies on day two. That evening, a cheerful round of bowling wrapped up the day. Day three brought inspiration through practical insights and creative tools in the world of social media, and participants got the chance to relax at the thermal spa in the afternoon. On the final day, the \u201cUltimate plan\u201d presentations showcased original and forward-thinking ideas, and the module concluded with a visit to Szeged, where participants explored the fields of sound and visual technology. A rich and inspiring experience. Next up: Szeged, May 7\u201310! \ud83c\udf1f<\/p>\n\n\n\n<p>\ud83c\uddf7\ud83c\uddf8 Od 23. do 27. aprila tre\u0107i modul Parks4All projekta odr\u017ean je u Morahalomu, pru\u017eaju\u0107i u\u010desnicima \u010detiri dana ispunjena u\u010denjem, kreativno\u0161\u0107u i dobrim raspolo\u017eenjem. Nedelja je zapo\u010dela temama iz komunikacije i marketinga, zatim su drugog dana u fokusu bile liderske ve\u0161tine i komunikacione strategije, a ve\u010de smo proveli uz veselo kuglanje. Tre\u0107i dan doneo je inspiraciju kroz korisne savete iz sveta dru\u0161tvenih mre\u017ea, a zatim i opu\u0161tanje u termalnoj banji. Na kraju, u\u010desnici su predstavili svoj \u201cUltimate plan\u201d, pun inovativnih i perspektivnih ideja, a modul je zaklju\u010den posetom Segedinu i predavanjima o zvu\u010dnoj i vizuelnoj tehnologiji. Sadr\u017eajna i motivi\u0161u\u0107a \u010detiri dana. Nastavljamo u Segedinu od 7. do 10. maja! \ud83c\udf1f<\/p>\n\n\n\n<figure class=\"wp-block-gallery has-nested-images columns-default is-cropped wp-block-gallery-1 is-layout-flex wp-block-gallery-is-layout-flex\">\n<figure class=\"wp-block-image size-large\"><img loading=\"lazy\" decoding=\"async\" width=\"1024\" height=\"884\" data-id=\"2323\" src=\"https:\/\/katolikusifjusagialapitvany.hu\/wp-content\/uploads\/2025\/04\/p4a-HU-Interreg-logo-1-1024x884.png\" alt=\"\" class=\"wp-image-2323\" srcset=\"https:\/\/katolikusifjusagialapitvany.hu\/wp-content\/uploads\/2025\/04\/p4a-HU-Interreg-logo-1-1024x884.png 1024w, https:\/\/katolikusifjusagialapitvany.hu\/wp-content\/uploads\/2025\/04\/p4a-HU-Interreg-logo-1-300x259.png 300w, https:\/\/katolikusifjusagialapitvany.hu\/wp-content\/uploads\/2025\/04\/p4a-HU-Interreg-logo-1-768x663.png 768w, https:\/\/katolikusifjusagialapitvany.hu\/wp-content\/uploads\/2025\/04\/p4a-HU-Interreg-logo-1-1536x1326.png 1536w, https:\/\/katolikusifjusagialapitvany.hu\/wp-content\/uploads\/2025\/04\/p4a-HU-Interreg-logo-1.png 2048w\" sizes=\"auto, (max-width: 1024px) 100vw, 1024px\" \/><\/figure>\n\n\n\n<figure class=\"wp-block-image size-large\"><img loading=\"lazy\" decoding=\"async\" width=\"1024\" height=\"884\" data-id=\"2324\" src=\"https:\/\/katolikusifjusagialapitvany.hu\/wp-content\/uploads\/2025\/04\/p4a-HU-Interreg-logo-2-1024x884.png\" alt=\"\" class=\"wp-image-2324\" srcset=\"https:\/\/katolikusifjusagialapitvany.hu\/wp-content\/uploads\/2025\/04\/p4a-HU-Interreg-logo-2-1024x884.png 1024w, https:\/\/katolikusifjusagialapitvany.hu\/wp-content\/uploads\/2025\/04\/p4a-HU-Interreg-logo-2-300x259.png 300w, https:\/\/katolikusifjusagialapitvany.hu\/wp-content\/uploads\/2025\/04\/p4a-HU-Interreg-logo-2-768x663.png 768w, https:\/\/katolikusifjusagialapitvany.hu\/wp-content\/uploads\/2025\/04\/p4a-HU-Interreg-logo-2-1536x1326.png 1536w, https:\/\/katolikusifjusagialapitvany.hu\/wp-content\/uploads\/2025\/04\/p4a-HU-Interreg-logo-2.png 2048w\" sizes=\"auto, (max-width: 1024px) 100vw, 1024px\" \/><\/figure>\n\n\n\n<figure class=\"wp-block-image size-large\"><img loading=\"lazy\" decoding=\"async\" width=\"1024\" height=\"884\" data-id=\"2331\" src=\"https:\/\/katolikusifjusagialapitvany.hu\/wp-content\/uploads\/2025\/04\/p4a-HU-Interreg-logo-7-1024x884.png\" alt=\"\" class=\"wp-image-2331\" srcset=\"https:\/\/katolikusifjusagialapitvany.hu\/wp-content\/uploads\/2025\/04\/p4a-HU-Interreg-logo-7-1024x884.png 1024w, https:\/\/katolikusifjusagialapitvany.hu\/wp-content\/uploads\/2025\/04\/p4a-HU-Interreg-logo-7-300x259.png 300w, https:\/\/katolikusifjusagialapitvany.hu\/wp-content\/uploads\/2025\/04\/p4a-HU-Interreg-logo-7-768x663.png 768w, https:\/\/katolikusifjusagialapitvany.hu\/wp-content\/uploads\/2025\/04\/p4a-HU-Interreg-logo-7-1536x1326.png 1536w, https:\/\/katolikusifjusagialapitvany.hu\/wp-content\/uploads\/2025\/04\/p4a-HU-Interreg-logo-7.png 2048w\" sizes=\"auto, (max-width: 1024px) 100vw, 1024px\" \/><\/figure>\n\n\n\n<figure class=\"wp-block-image size-large\"><img loading=\"lazy\" decoding=\"async\" width=\"1024\" height=\"884\" data-id=\"2328\" src=\"https:\/\/katolikusifjusagialapitvany.hu\/wp-content\/uploads\/2025\/04\/p4a-HU-Interreg-logo-9-1024x884.png\" alt=\"\" class=\"wp-image-2328\" srcset=\"https:\/\/katolikusifjusagialapitvany.hu\/wp-content\/uploads\/2025\/04\/p4a-HU-Interreg-logo-9-1024x884.png 1024w, https:\/\/katolikusifjusagialapitvany.hu\/wp-content\/uploads\/2025\/04\/p4a-HU-Interreg-logo-9-300x259.png 300w, https:\/\/katolikusifjusagialapitvany.hu\/wp-content\/uploads\/2025\/04\/p4a-HU-Interreg-logo-9-768x663.png 768w, https:\/\/katolikusifjusagialapitvany.hu\/wp-content\/uploads\/2025\/04\/p4a-HU-Interreg-logo-9-1536x1326.png 1536w, https:\/\/katolikusifjusagialapitvany.hu\/wp-content\/uploads\/2025\/04\/p4a-HU-Interreg-logo-9.png 2048w\" sizes=\"auto, (max-width: 1024px) 100vw, 1024px\" \/><\/figure>\n\n\n\n<figure class=\"wp-block-image size-large\"><img loading=\"lazy\" decoding=\"async\" width=\"1024\" height=\"884\" data-id=\"2322\" src=\"https:\/\/katolikusifjusagialapitvany.hu\/wp-content\/uploads\/2025\/04\/p4a-HU-Interreg-logo-12-1024x884.png\" alt=\"\" class=\"wp-image-2322\" srcset=\"https:\/\/katolikusifjusagialapitvany.hu\/wp-content\/uploads\/2025\/04\/p4a-HU-Interreg-logo-12-1024x884.png 1024w, https:\/\/katolikusifjusagialapitvany.hu\/wp-content\/uploads\/2025\/04\/p4a-HU-Interreg-logo-12-300x259.png 300w, https:\/\/katolikusifjusagialapitvany.hu\/wp-content\/uploads\/2025\/04\/p4a-HU-Interreg-logo-12-768x663.png 768w, https:\/\/katolikusifjusagialapitvany.hu\/wp-content\/uploads\/2025\/04\/p4a-HU-Interreg-logo-12-1536x1326.png 1536w, https:\/\/katolikusifjusagialapitvany.hu\/wp-content\/uploads\/2025\/04\/p4a-HU-Interreg-logo-12.png 2048w\" sizes=\"auto, (max-width: 1024px) 100vw, 1024px\" \/><\/figure>\n\n\n\n<figure class=\"wp-block-image size-large\"><img loading=\"lazy\" decoding=\"async\" width=\"1024\" height=\"884\" data-id=\"2330\" src=\"https:\/\/katolikusifjusagialapitvany.hu\/wp-content\/uploads\/2025\/04\/p4a-HU-Interreg-logo-15-1024x884.png\" alt=\"\" class=\"wp-image-2330\" srcset=\"https:\/\/katolikusifjusagialapitvany.hu\/wp-content\/uploads\/2025\/04\/p4a-HU-Interreg-logo-15-1024x884.png 1024w, https:\/\/katolikusifjusagialapitvany.hu\/wp-content\/uploads\/2025\/04\/p4a-HU-Interreg-logo-15-300x259.png 300w, https:\/\/katolikusifjusagialapitvany.hu\/wp-content\/uploads\/2025\/04\/p4a-HU-Interreg-logo-15-768x663.png 768w, https:\/\/katolikusifjusagialapitvany.hu\/wp-content\/uploads\/2025\/04\/p4a-HU-Interreg-logo-15-1536x1326.png 1536w, https:\/\/katolikusifjusagialapitvany.hu\/wp-content\/uploads\/2025\/04\/p4a-HU-Interreg-logo-15.png 2048w\" sizes=\"auto, (max-width: 1024px) 100vw, 1024px\" \/><\/figure>\n\n\n\n<figure class=\"wp-block-image size-large\"><img loading=\"lazy\" decoding=\"async\" width=\"1024\" height=\"884\" data-id=\"2321\" src=\"https:\/\/katolikusifjusagialapitvany.hu\/wp-content\/uploads\/2025\/04\/p4a-HU-Interreg-logo-18-1024x884.png\" alt=\"\" class=\"wp-image-2321\" srcset=\"https:\/\/katolikusifjusagialapitvany.hu\/wp-content\/uploads\/2025\/04\/p4a-HU-Interreg-logo-18-1024x884.png 1024w, https:\/\/katolikusifjusagialapitvany.hu\/wp-content\/uploads\/2025\/04\/p4a-HU-Interreg-logo-18-300x259.png 300w, https:\/\/katolikusifjusagialapitvany.hu\/wp-content\/uploads\/2025\/04\/p4a-HU-Interreg-logo-18-768x663.png 768w, https:\/\/katolikusifjusagialapitvany.hu\/wp-content\/uploads\/2025\/04\/p4a-HU-Interreg-logo-18-1536x1326.png 1536w, https:\/\/katolikusifjusagialapitvany.hu\/wp-content\/uploads\/2025\/04\/p4a-HU-Interreg-logo-18.png 2048w\" sizes=\"auto, (max-width: 1024px) 100vw, 1024px\" \/><\/figure>\n\n\n\n<figure class=\"wp-block-image size-large\"><img loading=\"lazy\" decoding=\"async\" width=\"1024\" height=\"884\" data-id=\"2326\" src=\"https:\/\/katolikusifjusagialapitvany.hu\/wp-content\/uploads\/2025\/04\/p4a-HU-Interreg-logo-20-1024x884.png\" alt=\"\" class=\"wp-image-2326\" srcset=\"https:\/\/katolikusifjusagialapitvany.hu\/wp-content\/uploads\/2025\/04\/p4a-HU-Interreg-logo-20-1024x884.png 1024w, https:\/\/katolikusifjusagialapitvany.hu\/wp-content\/uploads\/2025\/04\/p4a-HU-Interreg-logo-20-300x259.png 300w, https:\/\/katolikusifjusagialapitvany.hu\/wp-content\/uploads\/2025\/04\/p4a-HU-Interreg-logo-20-768x663.png 768w, https:\/\/katolikusifjusagialapitvany.hu\/wp-content\/uploads\/2025\/04\/p4a-HU-Interreg-logo-20-1536x1326.png 1536w, https:\/\/katolikusifjusagialapitvany.hu\/wp-content\/uploads\/2025\/04\/p4a-HU-Interreg-logo-20.png 2048w\" sizes=\"auto, (max-width: 1024px) 100vw, 1024px\" \/><\/figure>\n\n\n\n<figure class=\"wp-block-image size-large\"><img loading=\"lazy\" decoding=\"async\" width=\"1024\" height=\"884\" data-id=\"2325\" src=\"https:\/\/katolikusifjusagialapitvany.hu\/wp-content\/uploads\/2025\/04\/p4a-HU-Interreg-logo-21-1024x884.png\" alt=\"\" class=\"wp-image-2325\" srcset=\"https:\/\/katolikusifjusagialapitvany.hu\/wp-content\/uploads\/2025\/04\/p4a-HU-Interreg-logo-21-1024x884.png 1024w, https:\/\/katolikusifjusagialapitvany.hu\/wp-content\/uploads\/2025\/04\/p4a-HU-Interreg-logo-21-300x259.png 300w, https:\/\/katolikusifjusagialapitvany.hu\/wp-content\/uploads\/2025\/04\/p4a-HU-Interreg-logo-21-768x663.png 768w, https:\/\/katolikusifjusagialapitvany.hu\/wp-content\/uploads\/2025\/04\/p4a-HU-Interreg-logo-21-1536x1326.png 1536w, https:\/\/katolikusifjusagialapitvany.hu\/wp-content\/uploads\/2025\/04\/p4a-HU-Interreg-logo-21.png 2048w\" sizes=\"auto, (max-width: 1024px) 100vw, 1024px\" \/><\/figure>\n\n\n\n<figure class=\"wp-block-image size-large\"><img loading=\"lazy\" decoding=\"async\" width=\"1024\" height=\"884\" data-id=\"2332\" src=\"https:\/\/katolikusifjusagialapitvany.hu\/wp-content\/uploads\/2025\/04\/p4a-HU-Interreg-logo-25-1024x884.png\" alt=\"\" class=\"wp-image-2332\" srcset=\"https:\/\/katolikusifjusagialapitvany.hu\/wp-content\/uploads\/2025\/04\/p4a-HU-Interreg-logo-25-1024x884.png 1024w, https:\/\/katolikusifjusagialapitvany.hu\/wp-content\/uploads\/2025\/04\/p4a-HU-Interreg-logo-25-300x259.png 300w, https:\/\/katolikusifjusagialapitvany.hu\/wp-content\/uploads\/2025\/04\/p4a-HU-Interreg-logo-25-768x663.png 768w, https:\/\/katolikusifjusagialapitvany.hu\/wp-content\/uploads\/2025\/04\/p4a-HU-Interreg-logo-25-1536x1326.png 1536w, https:\/\/katolikusifjusagialapitvany.hu\/wp-content\/uploads\/2025\/04\/p4a-HU-Interreg-logo-25.png 2048w\" sizes=\"auto, (max-width: 1024px) 100vw, 1024px\" \/><\/figure>\n\n\n\n<figure class=\"wp-block-image size-large\"><img loading=\"lazy\" decoding=\"async\" width=\"1024\" height=\"884\" data-id=\"2329\" src=\"https:\/\/katolikusifjusagialapitvany.hu\/wp-content\/uploads\/2025\/04\/p4a-HU-Interreg-logo-29-1024x884.png\" alt=\"\" class=\"wp-image-2329\" srcset=\"https:\/\/katolikusifjusagialapitvany.hu\/wp-content\/uploads\/2025\/04\/p4a-HU-Interreg-logo-29-1024x884.png 1024w, https:\/\/katolikusifjusagialapitvany.hu\/wp-content\/uploads\/2025\/04\/p4a-HU-Interreg-logo-29-300x259.png 300w, https:\/\/katolikusifjusagialapitvany.hu\/wp-content\/uploads\/2025\/04\/p4a-HU-Interreg-logo-29-768x663.png 768w, https:\/\/katolikusifjusagialapitvany.hu\/wp-content\/uploads\/2025\/04\/p4a-HU-Interreg-logo-29-1536x1326.png 1536w, https:\/\/katolikusifjusagialapitvany.hu\/wp-content\/uploads\/2025\/04\/p4a-HU-Interreg-logo-29.png 2048w\" sizes=\"auto, (max-width: 1024px) 100vw, 1024px\" \/><\/figure>\n\n\n\n<figure class=\"wp-block-image size-large\"><img loading=\"lazy\" decoding=\"async\" width=\"1024\" height=\"884\" data-id=\"2327\" src=\"https:\/\/katolikusifjusagialapitvany.hu\/wp-content\/uploads\/2025\/04\/p4a-HU-Interreg-logo-33-1024x884.png\" alt=\"\" class=\"wp-image-2327\" srcset=\"https:\/\/katolikusifjusagialapitvany.hu\/wp-content\/uploads\/2025\/04\/p4a-HU-Interreg-logo-33-1024x884.png 1024w, https:\/\/katolikusifjusagialapitvany.hu\/wp-content\/uploads\/2025\/04\/p4a-HU-Interreg-logo-33-300x259.png 300w, https:\/\/katolikusifjusagialapitvany.hu\/wp-content\/uploads\/2025\/04\/p4a-HU-Interreg-logo-33-768x663.png 768w, https:\/\/katolikusifjusagialapitvany.hu\/wp-content\/uploads\/2025\/04\/p4a-HU-Interreg-logo-33-1536x1326.png 1536w, https:\/\/katolikusifjusagialapitvany.hu\/wp-content\/uploads\/2025\/04\/p4a-HU-Interreg-logo-33.png 2048w\" sizes=\"auto, (max-width: 1024px) 100vw, 1024px\" \/><\/figure>\n\n\n\n<figure class=\"wp-block-image size-large\"><img loading=\"lazy\" decoding=\"async\" width=\"1024\" height=\"884\" data-id=\"2335\" src=\"https:\/\/katolikusifjusagialapitvany.hu\/wp-content\/uploads\/2025\/04\/p4a-HU-Interreg-logo-34-1024x884.png\" alt=\"\" class=\"wp-image-2335\" srcset=\"https:\/\/katolikusifjusagialapitvany.hu\/wp-content\/uploads\/2025\/04\/p4a-HU-Interreg-logo-34-1024x884.png 1024w, https:\/\/katolikusifjusagialapitvany.hu\/wp-content\/uploads\/2025\/04\/p4a-HU-Interreg-logo-34-300x259.png 300w, https:\/\/katolikusifjusagialapitvany.hu\/wp-content\/uploads\/2025\/04\/p4a-HU-Interreg-logo-34-768x663.png 768w, https:\/\/katolikusifjusagialapitvany.hu\/wp-content\/uploads\/2025\/04\/p4a-HU-Interreg-logo-34-1536x1326.png 1536w, https:\/\/katolikusifjusagialapitvany.hu\/wp-content\/uploads\/2025\/04\/p4a-HU-Interreg-logo-34.png 2048w\" sizes=\"auto, (max-width: 1024px) 100vw, 1024px\" \/><\/figure>\n\n\n\n<figure class=\"wp-block-image size-large\"><img loading=\"lazy\" decoding=\"async\" width=\"819\" height=\"1024\" data-id=\"2333\" src=\"https:\/\/katolikusifjusagialapitvany.hu\/wp-content\/uploads\/2025\/04\/p4a-allo-4-819x1024.png\" alt=\"\" class=\"wp-image-2333\" srcset=\"https:\/\/katolikusifjusagialapitvany.hu\/wp-content\/uploads\/2025\/04\/p4a-allo-4-819x1024.png 819w, https:\/\/katolikusifjusagialapitvany.hu\/wp-content\/uploads\/2025\/04\/p4a-allo-4-240x300.png 240w, https:\/\/katolikusifjusagialapitvany.hu\/wp-content\/uploads\/2025\/04\/p4a-allo-4-768x960.png 768w, https:\/\/katolikusifjusagialapitvany.hu\/wp-content\/uploads\/2025\/04\/p4a-allo-4-1024x1280.png 1024w, https:\/\/katolikusifjusagialapitvany.hu\/wp-content\/uploads\/2025\/04\/p4a-allo-4.png 1080w\" sizes=\"auto, (max-width: 819px) 100vw, 819px\" \/><\/figure>\n\n\n\n<figure class=\"wp-block-image size-large\"><img loading=\"lazy\" decoding=\"async\" width=\"819\" height=\"1024\" data-id=\"2334\" src=\"https:\/\/katolikusifjusagialapitvany.hu\/wp-content\/uploads\/2025\/04\/p4a-allo-7-819x1024.png\" alt=\"\" class=\"wp-image-2334\" srcset=\"https:\/\/katolikusifjusagialapitvany.hu\/wp-content\/uploads\/2025\/04\/p4a-allo-7-819x1024.png 819w, https:\/\/katolikusifjusagialapitvany.hu\/wp-content\/uploads\/2025\/04\/p4a-allo-7-240x300.png 240w, https:\/\/katolikusifjusagialapitvany.hu\/wp-content\/uploads\/2025\/04\/p4a-allo-7-768x960.png 768w, https:\/\/katolikusifjusagialapitvany.hu\/wp-content\/uploads\/2025\/04\/p4a-allo-7-1024x1280.png 1024w, https:\/\/katolikusifjusagialapitvany.hu\/wp-content\/uploads\/2025\/04\/p4a-allo-7.png 1080w\" sizes=\"auto, (max-width: 819px) 100vw, 819px\" \/><\/figure>\n<\/figure>\n\n\n\n<p>This project is realized with the financial assistance of the European Union through the Interreg VI-A IPA Hungary-Serbia programme. The content of this text is the sole responsibility of Catholic Youth Foundation and can under no circumstances be regarded as reflecting the position of the European Union and\/or the Managing Authority of the Programme. The project partners are: Cinema City (Srb, Lead partner), Novi Sad 2022 European Capital of Culture Foundation (Srb), Youth and Cultural Association Wemsical Serbia (Srb), DDTG Nonprofit Ltd. (Hu) ,Catholic Youth Foundation (Hu) and Millenniumi K\u00e1v\u00e9h\u00e1z \u00e9s Klub, Szeged.<\/p>\n\n\n\n<p><a href=\"https:\/\/www.facebook.com\/hashtag\/interreg?__eep__=6&amp;__cft__[0]=AZV-_xHoOyVoYmHUkQmbUcuoe1QVu2KvZ65J3_q7ap7RHAu0uZU7NQriBBbhOWWUxE2cdS5Br67I1VdLXTMNde1Ynzo1NnHnvxHQYj17lyLzVpUGdirlroPy1uZiRhPXz9OW2jmaqGHl5L_rcsnwYKzyWq7VEDqWr6LgcYJ62ie5xepfa0LtzxShzfFhpzomZcDdYZDFXHedXPYcgvdFQZ55&amp;__tn__=*NK-R\">#Interreg<\/a><a href=\"https:\/\/www.facebook.com\/hashtag\/hungaryserbia?__eep__=6&amp;__cft__[0]=AZV-_xHoOyVoYmHUkQmbUcuoe1QVu2KvZ65J3_q7ap7RHAu0uZU7NQriBBbhOWWUxE2cdS5Br67I1VdLXTMNde1Ynzo1NnHnvxHQYj17lyLzVpUGdirlroPy1uZiRhPXz9OW2jmaqGHl5L_rcsnwYKzyWq7VEDqWr6LgcYJ62ie5xepfa0LtzxShzfFhpzomZcDdYZDFXHedXPYcgvdFQZ55&amp;__tn__=*NK-R\">#HungarySerbia<\/a><a href=\"https:\/\/www.facebook.com\/hashtag\/husrb?__eep__=6&amp;__cft__[0]=AZV-_xHoOyVoYmHUkQmbUcuoe1QVu2KvZ65J3_q7ap7RHAu0uZU7NQriBBbhOWWUxE2cdS5Br67I1VdLXTMNde1Ynzo1NnHnvxHQYj17lyLzVpUGdirlroPy1uZiRhPXz9OW2jmaqGHl5L_rcsnwYKzyWq7VEDqWr6LgcYJ62ie5xepfa0LtzxShzfFhpzomZcDdYZDFXHedXPYcgvdFQZ55&amp;__tn__=*NK-R\">#husrb<\/a><a href=\"https:\/\/www.facebook.com\/hashtag\/parks4all?__eep__=6&amp;__cft__[0]=AZV-_xHoOyVoYmHUkQmbUcuoe1QVu2KvZ65J3_q7ap7RHAu0uZU7NQriBBbhOWWUxE2cdS5Br67I1VdLXTMNde1Ynzo1NnHnvxHQYj17lyLzVpUGdirlroPy1uZiRhPXz9OW2jmaqGHl5L_rcsnwYKzyWq7VEDqWr6LgcYJ62ie5xepfa0LtzxShzfFhpzomZcDdYZDFXHedXPYcgvdFQZ55&amp;__tn__=*NK-R\">#Parks4All<\/a><a href=\"https:\/\/www.facebook.com\/hashtag\/hungary?__eep__=6&amp;__cft__[0]=AZV-_xHoOyVoYmHUkQmbUcuoe1QVu2KvZ65J3_q7ap7RHAu0uZU7NQriBBbhOWWUxE2cdS5Br67I1VdLXTMNde1Ynzo1NnHnvxHQYj17lyLzVpUGdirlroPy1uZiRhPXz9OW2jmaqGHl5L_rcsnwYKzyWq7VEDqWr6LgcYJ62ie5xepfa0LtzxShzfFhpzomZcDdYZDFXHedXPYcgvdFQZ55&amp;__tn__=*NK-R\">#Hungary<\/a><a href=\"https:\/\/www.facebook.com\/hashtag\/serbia?__eep__=6&amp;__cft__[0]=AZV-_xHoOyVoYmHUkQmbUcuoe1QVu2KvZ65J3_q7ap7RHAu0uZU7NQriBBbhOWWUxE2cdS5Br67I1VdLXTMNde1Ynzo1NnHnvxHQYj17lyLzVpUGdirlroPy1uZiRhPXz9OW2jmaqGHl5L_rcsnwYKzyWq7VEDqWr6LgcYJ62ie5xepfa0LtzxShzfFhpzomZcDdYZDFXHedXPYcgvdFQZ55&amp;__tn__=*NK-R\">#Serbia<\/a><a href=\"https:\/\/www.facebook.com\/hashtag\/cinemacity?__eep__=6&amp;__cft__[0]=AZV-_xHoOyVoYmHUkQmbUcuoe1QVu2KvZ65J3_q7ap7RHAu0uZU7NQriBBbhOWWUxE2cdS5Br67I1VdLXTMNde1Ynzo1NnHnvxHQYj17lyLzVpUGdirlroPy1uZiRhPXz9OW2jmaqGHl5L_rcsnwYKzyWq7VEDqWr6LgcYJ62ie5xepfa0LtzxShzfFhpzomZcDdYZDFXHedXPYcgvdFQZ55&amp;__tn__=*NK-R\">#CinemaCity<\/a><a href=\"https:\/\/www.facebook.com\/hashtag\/novisad2022?__eep__=6&amp;__cft__[0]=AZV-_xHoOyVoYmHUkQmbUcuoe1QVu2KvZ65J3_q7ap7RHAu0uZU7NQriBBbhOWWUxE2cdS5Br67I1VdLXTMNde1Ynzo1NnHnvxHQYj17lyLzVpUGdirlroPy1uZiRhPXz9OW2jmaqGHl5L_rcsnwYKzyWq7VEDqWr6LgcYJ62ie5xepfa0LtzxShzfFhpzomZcDdYZDFXHedXPYcgvdFQZ55&amp;__tn__=*NK-R\">#NoviSad2022<\/a><a href=\"https:\/\/www.facebook.com\/hashtag\/wemsicalserbiayouthassociation?__eep__=6&amp;__cft__[0]=AZV-_xHoOyVoYmHUkQmbUcuoe1QVu2KvZ65J3_q7ap7RHAu0uZU7NQriBBbhOWWUxE2cdS5Br67I1VdLXTMNde1Ynzo1NnHnvxHQYj17lyLzVpUGdirlroPy1uZiRhPXz9OW2jmaqGHl5L_rcsnwYKzyWq7VEDqWr6LgcYJ62ie5xepfa0LtzxShzfFhpzomZcDdYZDFXHedXPYcgvdFQZ55&amp;__tn__=*NK-R\">#WemsicalSerbiaYouthAssociation<\/a><a href=\"https:\/\/www.facebook.com\/hashtag\/wemsical?__eep__=6&amp;__cft__[0]=AZV-_xHoOyVoYmHUkQmbUcuoe1QVu2KvZ65J3_q7ap7RHAu0uZU7NQriBBbhOWWUxE2cdS5Br67I1VdLXTMNde1Ynzo1NnHnvxHQYj17lyLzVpUGdirlroPy1uZiRhPXz9OW2jmaqGHl5L_rcsnwYKzyWq7VEDqWr6LgcYJ62ie5xepfa0LtzxShzfFhpzomZcDdYZDFXHedXPYcgvdFQZ55&amp;__tn__=*NK-R\">#Wemsical<\/a><a href=\"https:\/\/www.facebook.com\/hashtag\/ddtg?__eep__=6&amp;__cft__[0]=AZV-_xHoOyVoYmHUkQmbUcuoe1QVu2KvZ65J3_q7ap7RHAu0uZU7NQriBBbhOWWUxE2cdS5Br67I1VdLXTMNde1Ynzo1NnHnvxHQYj17lyLzVpUGdirlroPy1uZiRhPXz9OW2jmaqGHl5L_rcsnwYKzyWq7VEDqWr6LgcYJ62ie5xepfa0LtzxShzfFhpzomZcDdYZDFXHedXPYcgvdFQZ55&amp;__tn__=*NK-R\">#DDTG<\/a><a href=\"https:\/\/www.facebook.com\/hashtag\/catholicyouthfoundation?__eep__=6&amp;__cft__[0]=AZV-_xHoOyVoYmHUkQmbUcuoe1QVu2KvZ65J3_q7ap7RHAu0uZU7NQriBBbhOWWUxE2cdS5Br67I1VdLXTMNde1Ynzo1NnHnvxHQYj17lyLzVpUGdirlroPy1uZiRhPXz9OW2jmaqGHl5L_rcsnwYKzyWq7VEDqWr6LgcYJ62ie5xepfa0LtzxShzfFhpzomZcDdYZDFXHedXPYcgvdFQZ55&amp;__tn__=*NK-R\">#CatholicYouthFoundation<\/a><\/p>\n","protected":false},"excerpt":{"rendered":"<p>\ud83c\udded\ud83c\uddfa \u00c1prilis 23. \u00e9s 27. k\u00f6z\u00f6tt M\u00f3rahalom adott otthont a<\/p>\n","protected":false},"author":1,"featured_media":0,"comment_status":"open","ping_status":"open","sticky":false,"template":"","format":"standard","meta":{"footnotes":""},"categories":[1],"tags":[],"class_list":["post-2320","post","type-post","status-publish","format-standard","hentry","category-uncategorized"],"_links":{"self":[{"href":"https:\/\/katolikusifjusagialapitvany.hu\/index.php?rest_route=\/wp\/v2\/posts\/2320","targetHints":{"allow":["GET"]}}],"collection":[{"href":"https:\/\/katolikusifjusagialapitvany.hu\/index.php?rest_route=\/wp\/v2\/posts"}],"about":[{"href":"https:\/\/katolikusifjusagialapitvany.hu\/index.php?rest_route=\/wp\/v2\/types\/post"}],"author":[{"embeddable":true,"href":"https:\/\/katolikusifjusagialapitvany.hu\/index.php?rest_route=\/wp\/v2\/users\/1"}],"replies":[{"embeddable":true,"href":"https:\/\/katolikusifjusagialapitvany.hu\/index.php?rest_route=%2Fwp%2Fv2%2Fcomments&post=2320"}],"version-history":[{"count":1,"href":"https:\/\/katolikusifjusagialapitvany.hu\/index.php?rest_route=\/wp\/v2\/posts\/2320\/revisions"}],"predecessor-version":[{"id":2336,"href":"https:\/\/katolikusifjusagialapitvany.hu\/index.php?rest_route=\/wp\/v2\/posts\/2320\/revisions\/2336"}],"wp:attachment":[{"href":"https:\/\/katolikusifjusagialapitvany.hu\/index.php?rest_route=%2Fwp%2Fv2%2Fmedia&parent=2320"}],"wp:term":[{"taxonomy":"category","embeddable":true,"href":"https:\/\/katolikusifjusagialapitvany.hu\/index.php?rest_route=%2Fwp%2Fv2%2Fcategories&post=2320"},{"taxonomy":"post_tag","embeddable":true,"href":"https:\/\/katolikusifjusagialapitvany.hu\/index.php?rest_route=%2Fwp%2Fv2%2Ftags&post=2320"}],"curies":[{"name":"wp","href":"https:\/\/api.w.org\/{rel}","templated":true}]}}