{"id":2339,"date":"2025-05-04T09:21:01","date_gmt":"2025-05-04T09:21:01","guid":{"rendered":"https:\/\/katolikusifjusagialapitvany.hu\/?p=2339"},"modified":"2025-05-06T09:23:40","modified_gmt":"2025-05-06T09:23:40","slug":"a-tuzoltok-vilagnapja","status":"publish","type":"post","link":"https:\/\/katolikusifjusagialapitvany.hu\/?p=2339","title":{"rendered":"A t\u0171zolt\u00f3k vil\u00e1gnapja"},"content":{"rendered":"\n<p>Ma azokat \u00fcnnepelj\u00fck, akik \u00e9let\u00fcket kock\u00e1ztatj\u00e1k \u00e9rt\u00fcnk \u2013 a t\u0171zolt\u00f3kat. A T\u0171zolt\u00f3k Vil\u00e1gnapj\u00e1t minden \u00e9vben m\u00e1jus 4-\u00e9n tartjuk, Szent Fl\u00f3ri\u00e1n, a t\u0171zolt\u00f3k v\u00e9d\u0151szentj\u00e9nek napj\u00e1n. Fl\u00f3ri\u00e1n r\u00f3mai katonatiszt volt, aki seg\u00edtett egy \u00e9g\u0151 faluban, \u00e9s az\u00f3ta a t\u0171z elleni v\u00e9delem szimb\u00f3luma lett. \ud83d\ude4f<\/p>\n\n\n\n<figure class=\"wp-block-image size-large\"><img loading=\"lazy\" decoding=\"async\" width=\"1024\" height=\"1024\" src=\"https:\/\/katolikusifjusagialapitvany.hu\/wp-content\/uploads\/2025\/05\/vilagnap-2-1024x1024.png\" alt=\"\" class=\"wp-image-2340\" srcset=\"https:\/\/katolikusifjusagialapitvany.hu\/wp-content\/uploads\/2025\/05\/vilagnap-2-1024x1024.png 1024w, https:\/\/katolikusifjusagialapitvany.hu\/wp-content\/uploads\/2025\/05\/vilagnap-2-300x300.png 300w, https:\/\/katolikusifjusagialapitvany.hu\/wp-content\/uploads\/2025\/05\/vilagnap-2-150x150.png 150w, https:\/\/katolikusifjusagialapitvany.hu\/wp-content\/uploads\/2025\/05\/vilagnap-2-768x768.png 768w, https:\/\/katolikusifjusagialapitvany.hu\/wp-content\/uploads\/2025\/05\/vilagnap-2.png 1080w\" sizes=\"auto, (max-width: 1024px) 100vw, 1024px\" \/><\/figure>\n\n\n\n<p>A vil\u00e1gnap modernkori t\u00f6rt\u00e9nete 1999-ben kezd\u0151d\u00f6tt. Ekkor t\u00f6rt\u00e9nt, hogy Ausztr\u00e1li\u00e1ban \u00f6t t\u0171zolt\u00f3 vesztette \u00e9let\u00e9t egy boz\u00f3tt\u0171z olt\u00e1sa k\u00f6zben. Tragikus hal\u00e1luk ut\u00e1n egy nemzetk\u00f6zi kezdem\u00e9nyez\u00e9s indult, hogy m\u00e1jus 4-e legyen a T\u0171zolt\u00f3k Vil\u00e1gnapja \u2013 a megeml\u00e9kez\u00e9s, a tisztelet \u00e9s a k\u00f6sz\u00f6net napja. <\/p>\n\n\n\n<p>Ez a nap arra eml\u00e9keztet benn\u00fcnket, hogy a t\u0171zolt\u00f3k nemcsak t\u00fczeket oltanak, hanem embereket mentenek, katasztr\u00f3f\u00e1k helysz\u00edn\u00e9n seg\u00edtenek, viharok ut\u00e1n takar\u00edtanak, balesetekn\u00e9l els\u0151k\u00e9nt \u00e9rkeznek. \u0150k azok, akik ha m\u00e1s menek\u00fcl, akkor l\u00e9pnek be egy \u00e9g\u0151 \u00e9p\u00fcletbe. \ud83d\ude92\ud83d\udcaa<\/p>\n\n\n\n<p>A mai napon k\u00f6sz\u00f6nj\u00fck meg mindazt az \u00e1ldozatot, b\u00e1tors\u00e1got \u00e9s elhivatotts\u00e1got, amit a t\u0171zolt\u00f3k a k\u00f6z\u00f6ss\u00e9g\u00e9rt tesznek \u2013 legyen sz\u00f3 hivat\u00e1sos, \u00f6nk\u00e9ntes vagy l\u00e9tes\u00edtm\u00e9nyi t\u0171zolt\u00f3kr\u00f3l. \ud83d\udc99\ud83d\udd25<\/p>\n\n\n\n<p><br><strong>Tisztelet \u00e9s h\u00e1la minden t\u0171zolt\u00f3nak!<\/strong> \ud83d\ude4c\ud83d\udc68\u200d\ud83d\ude92<\/p>\n\n\n\n<p>#T\u0171zolt\u00f3kVil\u00e1gnapja #M\u00e1jus4 #FirefightersDay #Tisztelet #H\u00e1la #K\u00f6sz\u00f6net #MindennapiH\u0151s\u00f6k #SzentFl\u00f3ri\u00e1nNapja<\/p>\n\n\n\n<p><\/p>\n","protected":false},"excerpt":{"rendered":"<p>Ma azokat \u00fcnnepelj\u00fck, akik \u00e9let\u00fcket kock\u00e1ztatj\u00e1k \u00e9rt\u00fcnk \u2013 a t\u0171zolt\u00f3kat.<\/p>\n","protected":false},"author":1,"featured_media":0,"comment_status":"open","ping_status":"open","sticky":false,"template":"","format":"standard","meta":{"footnotes":""},"categories":[1],"tags":[],"class_list":["post-2339","post","type-post","status-publish","format-standard","hentry","category-uncategorized"],"_links":{"self":[{"href":"https:\/\/katolikusifjusagialapitvany.hu\/index.php?rest_route=\/wp\/v2\/posts\/2339","targetHints":{"allow":["GET"]}}],"collection":[{"href":"https:\/\/katolikusifjusagialapitvany.hu\/index.php?rest_route=\/wp\/v2\/posts"}],"about":[{"href":"https:\/\/katolikusifjusagialapitvany.hu\/index.php?rest_route=\/wp\/v2\/types\/post"}],"author":[{"embeddable":true,"href":"https:\/\/katolikusifjusagialapitvany.hu\/index.php?rest_route=\/wp\/v2\/users\/1"}],"replies":[{"embeddable":true,"href":"https:\/\/katolikusifjusagialapitvany.hu\/index.php?rest_route=%2Fwp%2Fv2%2Fcomments&post=2339"}],"version-history":[{"count":1,"href":"https:\/\/katolikusifjusagialapitvany.hu\/index.php?rest_route=\/wp\/v2\/posts\/2339\/revisions"}],"predecessor-version":[{"id":2341,"href":"https:\/\/katolikusifjusagialapitvany.hu\/index.php?rest_route=\/wp\/v2\/posts\/2339\/revisions\/2341"}],"wp:attachment":[{"href":"https:\/\/katolikusifjusagialapitvany.hu\/index.php?rest_route=%2Fwp%2Fv2%2Fmedia&parent=2339"}],"wp:term":[{"taxonomy":"category","embeddable":true,"href":"https:\/\/katolikusifjusagialapitvany.hu\/index.php?rest_route=%2Fwp%2Fv2%2Fcategories&post=2339"},{"taxonomy":"post_tag","embeddable":true,"href":"https:\/\/katolikusifjusagialapitvany.hu\/index.php?rest_route=%2Fwp%2Fv2%2Ftags&post=2339"}],"curies":[{"name":"wp","href":"https:\/\/api.w.org\/{rel}","templated":true}]}}