{"id":2369,"date":"2025-05-12T11:30:34","date_gmt":"2025-05-12T11:30:34","guid":{"rendered":"https:\/\/katolikusifjusagialapitvany.hu\/?p=2369"},"modified":"2025-05-12T11:30:34","modified_gmt":"2025-05-12T11:30:34","slug":"majus-12-az-apolok-nemzetkozi-napja","status":"publish","type":"post","link":"https:\/\/katolikusifjusagialapitvany.hu\/?p=2369","title":{"rendered":"M\u00e1jus 12. \u2013 Az \u00c1pol\u00f3k Nemzetk\u00f6zi Napja"},"content":{"rendered":"\n<figure class=\"wp-block-image size-large\"><img loading=\"lazy\" decoding=\"async\" width=\"1024\" height=\"1024\" src=\"https:\/\/katolikusifjusagialapitvany.hu\/wp-content\/uploads\/2025\/05\/vilagnap-4-1024x1024.png\" alt=\"\" class=\"wp-image-2370\" srcset=\"https:\/\/katolikusifjusagialapitvany.hu\/wp-content\/uploads\/2025\/05\/vilagnap-4-1024x1024.png 1024w, https:\/\/katolikusifjusagialapitvany.hu\/wp-content\/uploads\/2025\/05\/vilagnap-4-300x300.png 300w, https:\/\/katolikusifjusagialapitvany.hu\/wp-content\/uploads\/2025\/05\/vilagnap-4-150x150.png 150w, https:\/\/katolikusifjusagialapitvany.hu\/wp-content\/uploads\/2025\/05\/vilagnap-4-768x768.png 768w, https:\/\/katolikusifjusagialapitvany.hu\/wp-content\/uploads\/2025\/05\/vilagnap-4.png 1080w\" sizes=\"auto, (max-width: 1024px) 100vw, 1024px\" \/><\/figure>\n\n\n\n<p>Ma vil\u00e1gszerte az \u00e1pol\u00f3k el\u0151tt tisztelg\u00fcnk, azok el\u0151tt a szakemberek el\u0151tt, akik f\u00e1radhatatlanul dolgoznak eg\u00e9szs\u00e9g\u00fcnk\u00e9rt, testi-lelki j\u00f3l\u00e9t\u00fcnk\u00e9rt, sokszor embertelen k\u00f6r\u00fclm\u00e9nyek k\u00f6z\u00f6tt is.<\/p>\n\n\n\n<p>\ud83d\udc69\u200d\u2695\ufe0f Az \u00e1pol\u00e1s nemcsak egy hivat\u00e1s, hanem val\u00f3di elk\u00f6telez\u0151d\u00e9s az emberek ir\u00e1nt. Az \u00e1pol\u00f3k az els\u0151 \u00e9s gyakran az utols\u00f3 kapcsol\u00f3d\u00e1si pontot jelentik a betegek sz\u00e1m\u00e1ra. \u0150k azok, akik figyelnek, gondoskodnak, megnyugtatnak \u2013 sokszor a legnehezebb pillanatokban.<\/p>\n\n\n\n<p>A COVID-19 vil\u00e1gj\u00e1rv\u00e1ny \u00f3ta tal\u00e1n m\u00e9g jobban l\u00e1tjuk, mennyire p\u00f3tolhatatlan szerep\u00fck van az eg\u00e9szs\u00e9g\u00fcgyben. Az \u0151 kitart\u00e1suk, emp\u00e1ti\u00e1juk \u00e9s szak\u00e9rtelm\u00fck n\u00e9lk\u00fcl\u00f6zhetetlen \u2013 nemcsak a k\u00f3rh\u00e1zakban, hanem rendel\u0151kben, otthoni ell\u00e1t\u00e1sban, iskol\u00e1kban, vagy ak\u00e1r j\u00e1rv\u00e1ny\u00fcgyi helyzetekben is.<\/p>\n\n\n\n<p>\ud83d\udc99 Ma \u00e9s minden nap h\u00e1l\u00e1val tartozunk az \u00e1pol\u00f3knak. Nem csup\u00e1n a szakmai tud\u00e1suk\u00e9rt, hanem embers\u00e9g\u00fck\u00e9rt is. Egy-egy kedves sz\u00f3, egy biztat\u00f3 mosoly, egy nyugodt jelenl\u00e9t sokszor t\u00f6bbet jelent, mint b\u00e1rmelyik gy\u00f3gyszer.<\/p>\n\n\n\n<p><\/p>\n","protected":false},"excerpt":{"rendered":"<p>Ma vil\u00e1gszerte az \u00e1pol\u00f3k el\u0151tt tisztelg\u00fcnk, azok el\u0151tt a szakemberek<\/p>\n","protected":false},"author":1,"featured_media":0,"comment_status":"open","ping_status":"open","sticky":false,"template":"","format":"standard","meta":{"footnotes":""},"categories":[1],"tags":[],"class_list":["post-2369","post","type-post","status-publish","format-standard","hentry","category-uncategorized"],"_links":{"self":[{"href":"https:\/\/katolikusifjusagialapitvany.hu\/index.php?rest_route=\/wp\/v2\/posts\/2369","targetHints":{"allow":["GET"]}}],"collection":[{"href":"https:\/\/katolikusifjusagialapitvany.hu\/index.php?rest_route=\/wp\/v2\/posts"}],"about":[{"href":"https:\/\/katolikusifjusagialapitvany.hu\/index.php?rest_route=\/wp\/v2\/types\/post"}],"author":[{"embeddable":true,"href":"https:\/\/katolikusifjusagialapitvany.hu\/index.php?rest_route=\/wp\/v2\/users\/1"}],"replies":[{"embeddable":true,"href":"https:\/\/katolikusifjusagialapitvany.hu\/index.php?rest_route=%2Fwp%2Fv2%2Fcomments&post=2369"}],"version-history":[{"count":1,"href":"https:\/\/katolikusifjusagialapitvany.hu\/index.php?rest_route=\/wp\/v2\/posts\/2369\/revisions"}],"predecessor-version":[{"id":2371,"href":"https:\/\/katolikusifjusagialapitvany.hu\/index.php?rest_route=\/wp\/v2\/posts\/2369\/revisions\/2371"}],"wp:attachment":[{"href":"https:\/\/katolikusifjusagialapitvany.hu\/index.php?rest_route=%2Fwp%2Fv2%2Fmedia&parent=2369"}],"wp:term":[{"taxonomy":"category","embeddable":true,"href":"https:\/\/katolikusifjusagialapitvany.hu\/index.php?rest_route=%2Fwp%2Fv2%2Fcategories&post=2369"},{"taxonomy":"post_tag","embeddable":true,"href":"https:\/\/katolikusifjusagialapitvany.hu\/index.php?rest_route=%2Fwp%2Fv2%2Ftags&post=2369"}],"curies":[{"name":"wp","href":"https:\/\/api.w.org\/{rel}","templated":true}]}}