{"id":2388,"date":"2025-06-15T03:41:00","date_gmt":"2025-06-15T03:41:00","guid":{"rendered":"https:\/\/katolikusifjusagialapitvany.hu\/?p=2388"},"modified":"2025-06-17T15:42:31","modified_gmt":"2025-06-17T15:42:31","slug":"apak-napjan-csendes-hosok-unnepe","status":"publish","type":"post","link":"https:\/\/katolikusifjusagialapitvany.hu\/?p=2388","title":{"rendered":"Ap\u00e1k napj\u00e1n \u2013 csendes h\u0151s\u00f6k \u00fcnnepe"},"content":{"rendered":"\n<figure class=\"wp-block-image size-large\"><img loading=\"lazy\" decoding=\"async\" width=\"1024\" height=\"1024\" src=\"https:\/\/katolikusifjusagialapitvany.hu\/wp-content\/uploads\/2025\/06\/vilagnap-1-1024x1024.png\" alt=\"\" class=\"wp-image-2389\" srcset=\"https:\/\/katolikusifjusagialapitvany.hu\/wp-content\/uploads\/2025\/06\/vilagnap-1-1024x1024.png 1024w, https:\/\/katolikusifjusagialapitvany.hu\/wp-content\/uploads\/2025\/06\/vilagnap-1-300x300.png 300w, https:\/\/katolikusifjusagialapitvany.hu\/wp-content\/uploads\/2025\/06\/vilagnap-1-150x150.png 150w, https:\/\/katolikusifjusagialapitvany.hu\/wp-content\/uploads\/2025\/06\/vilagnap-1-768x768.png 768w, https:\/\/katolikusifjusagialapitvany.hu\/wp-content\/uploads\/2025\/06\/vilagnap-1.png 1080w\" sizes=\"auto, (max-width: 1024px) 100vw, 1024px\" \/><\/figure>\n\n\n\n<p>Magyarorsz\u00e1gon \u2013 b\u00e1r m\u00e9g mindig nem \u00f6vezi akkora figyelem, mint az Any\u00e1k napj\u00e1t \u2013 egyre t\u00f6bben \u00fcnneplik az Ap\u00e1k napj\u00e1t j\u00fanius harmadik vas\u00e1rnapj\u00e1n. Ilyenkor meg\u00e1llunk egy pillanatra, hogy k\u00f6sz\u00f6netet mondjunk azoknak a f\u00e9rfiaknak, akik \u00e9let\u00fcnk fontos pillanataiban mellett\u00fcnk \u00e1lltak.<\/p>\n\n\n\n<p>Az apas\u00e1g sokf\u00e9le arcot \u00f6lthet. Van, aki hangosan nevet, m\u00e1s szigor\u00fa, de megb\u00edzhat\u00f3. Van, aki kor\u00e1n kel, hogy munk\u00e1ba induljon, m\u00e1s otthon marad a gyerekekkel. Magyar csal\u00e1dokban sokf\u00e9lek\u00e9pp jelenik meg az apai szerep \u2013 de egy dolog k\u00f6z\u00f6s benn\u00fck: az ap\u00e1k csendes, de er\u0151s t\u00e1maszai a csal\u00e1dnak.<\/p>\n\n\n\n<p>Sokszor h\u00e1tt\u00e9rbe szorulnak az \u00e9rzelmek, a gyeng\u00e9ds\u00e9g, a kimondott szavak \u2013 mert &#8222;f\u00e9rfiasnak lenni&#8221; m\u00e9g ma is gyakran azt jelenti, hogy az ember er\u0151s, hallgatag, \u00e9s nem mutatja a gyenges\u00e9get. Pedig az apas\u00e1g \u00e9pp olyan m\u00e9ly \u00e9rz\u00e9sekkel j\u00e1r, mint az anyas\u00e1g: aggodalommal, b\u00fcszkes\u00e9ggel, szeretettel.<\/p>\n\n\n\n<p>Fontos lenne, hogy a t\u00e1rsadalom is jobban megbecs\u00fclje az apai szerepet. Magyarorsz\u00e1gon az ut\u00f3bbi \u00e9vekben egyre t\u00f6bb kezdem\u00e9nyez\u00e9s indult az akt\u00edv apas\u00e1g t\u00e1mogat\u00e1s\u00e1ra \u2013 ap\u00e1s sz\u00fcl\u00e9sek, apa-fia programok, ap\u00e1k klubjai. Ezek mind azt mutatj\u00e1k: az apas\u00e1g nem csak gazdas\u00e1gi vagy fegyelmez\u0151 szerepk\u00f6r, hanem m\u00e9ly kapcsol\u00f3d\u00e1s \u00e9s nevel\u0151 er\u0151.<\/p>\n\n\n\n<p>Ap\u00e1k napj\u00e1n ne csak egy aj\u00e1nd\u00e9k vagy egy k\u00f6sz\u00f6nt\u00e9s jusson esz\u00fcnkbe. Tegy\u00fcnk \u00e9rte, hogy eg\u00e9sz \u00e9vben l\u00e1that\u00f3 \u00e9s megbecs\u00fclt legyen az ap\u00e1k szerepe. Hogy a j\u00f6v\u0151 gener\u00e1ci\u00f3i m\u00e1r term\u00e9szetesnek \u00e9rezz\u00e9k: egy apa jelenl\u00e9te legal\u00e1bb annyira fontos, mint egy any\u00e1\u00e9 \u2013 csak m\u00e1sk\u00e9pp.<\/p>\n\n\n\n<p>Ma teh\u00e1t \u00fcnnepl\u00fcnk. Minden \u00e9desap\u00e1t, nevel\u0151ap\u00e1t, nagypap\u00e1t, keresztap\u00e1t, aki szeretet\u00e9vel form\u00e1l minket \u2013 n\u00e9ha szavak n\u00e9lk\u00fcl, de ann\u00e1l m\u00e9lyebben.<\/p>\n\n\n\n<p><strong>K\u00f6sz\u00f6nj\u00fck, hogy vagytok! Boldog Ap\u00e1k napj\u00e1t k\u00edv\u00e1nunk!<\/strong><\/p>\n","protected":false},"excerpt":{"rendered":"<p>Magyarorsz\u00e1gon \u2013 b\u00e1r m\u00e9g mindig nem \u00f6vezi akkora figyelem, mint<\/p>\n","protected":false},"author":1,"featured_media":0,"comment_status":"open","ping_status":"open","sticky":false,"template":"","format":"standard","meta":{"footnotes":""},"categories":[1],"tags":[],"class_list":["post-2388","post","type-post","status-publish","format-standard","hentry","category-uncategorized"],"_links":{"self":[{"href":"https:\/\/katolikusifjusagialapitvany.hu\/index.php?rest_route=\/wp\/v2\/posts\/2388","targetHints":{"allow":["GET"]}}],"collection":[{"href":"https:\/\/katolikusifjusagialapitvany.hu\/index.php?rest_route=\/wp\/v2\/posts"}],"about":[{"href":"https:\/\/katolikusifjusagialapitvany.hu\/index.php?rest_route=\/wp\/v2\/types\/post"}],"author":[{"embeddable":true,"href":"https:\/\/katolikusifjusagialapitvany.hu\/index.php?rest_route=\/wp\/v2\/users\/1"}],"replies":[{"embeddable":true,"href":"https:\/\/katolikusifjusagialapitvany.hu\/index.php?rest_route=%2Fwp%2Fv2%2Fcomments&post=2388"}],"version-history":[{"count":1,"href":"https:\/\/katolikusifjusagialapitvany.hu\/index.php?rest_route=\/wp\/v2\/posts\/2388\/revisions"}],"predecessor-version":[{"id":2390,"href":"https:\/\/katolikusifjusagialapitvany.hu\/index.php?rest_route=\/wp\/v2\/posts\/2388\/revisions\/2390"}],"wp:attachment":[{"href":"https:\/\/katolikusifjusagialapitvany.hu\/index.php?rest_route=%2Fwp%2Fv2%2Fmedia&parent=2388"}],"wp:term":[{"taxonomy":"category","embeddable":true,"href":"https:\/\/katolikusifjusagialapitvany.hu\/index.php?rest_route=%2Fwp%2Fv2%2Fcategories&post=2388"},{"taxonomy":"post_tag","embeddable":true,"href":"https:\/\/katolikusifjusagialapitvany.hu\/index.php?rest_route=%2Fwp%2Fv2%2Ftags&post=2388"}],"curies":[{"name":"wp","href":"https:\/\/api.w.org\/{rel}","templated":true}]}}