{"id":2392,"date":"2025-06-13T15:42:46","date_gmt":"2025-06-13T15:42:46","guid":{"rendered":"https:\/\/katolikusifjusagialapitvany.hu\/?p=2392"},"modified":"2025-06-17T15:44:35","modified_gmt":"2025-06-17T15:44:35","slug":"junius-13-a-magyar-vedonok-napja","status":"publish","type":"post","link":"https:\/\/katolikusifjusagialapitvany.hu\/?p=2392","title":{"rendered":"J\u00fanius 13. \u2013 A Magyar V\u00e9d\u0151n\u0151k Napja"},"content":{"rendered":"\n<figure class=\"wp-block-image size-large\"><img loading=\"lazy\" decoding=\"async\" width=\"1024\" height=\"1024\" src=\"https:\/\/katolikusifjusagialapitvany.hu\/wp-content\/uploads\/2025\/06\/vilagnap-2-1024x1024.png\" alt=\"\" class=\"wp-image-2393\" srcset=\"https:\/\/katolikusifjusagialapitvany.hu\/wp-content\/uploads\/2025\/06\/vilagnap-2-1024x1024.png 1024w, https:\/\/katolikusifjusagialapitvany.hu\/wp-content\/uploads\/2025\/06\/vilagnap-2-300x300.png 300w, https:\/\/katolikusifjusagialapitvany.hu\/wp-content\/uploads\/2025\/06\/vilagnap-2-150x150.png 150w, https:\/\/katolikusifjusagialapitvany.hu\/wp-content\/uploads\/2025\/06\/vilagnap-2-768x768.png 768w, https:\/\/katolikusifjusagialapitvany.hu\/wp-content\/uploads\/2025\/06\/vilagnap-2.png 1080w\" sizes=\"auto, (max-width: 1024px) 100vw, 1024px\" \/><\/figure>\n\n\n\n<p>J\u00fanius 13-a k\u00fcl\u00f6nleges nap Magyarorsz\u00e1gon: ma \u00fcnnepelj\u00fck a magyar v\u00e9d\u0151n\u0151ket \u2013 azokat a szakembereket, akik gener\u00e1ci\u00f3k \u00f3ta seg\u00edtik a csal\u00e1dokat \ud83e\udd31. Hol \u00e9szrev\u00e9tlen\u00fcl, hol kulcsszerepl\u0151k\u00e9nt, de mindig sz\u00edvvel-l\u00e9lekkel \ud83d\udc9b.<\/p>\n\n\n\n<p>A magyar v\u00e9d\u0151n\u0151i szolg\u00e1lat t\u00f6bb mint egy \u00e9vsz\u00e1zada, 1915 \u00f3ta m\u0171k\u00f6dik. Kev\u00e9s olyan hivat\u00e1s van, amely ennyire m\u00e9lyen \u00e9s folyamatosan kapcsol\u00f3dik az emberek \u00e9let\u00e9nek leg\u00e9rz\u00e9kenyebb szakaszaihoz: a gyermekv\u00e1r\u00e1shoz, a sz\u00fclet\u00e9shez, a csal\u00e1di mindennapokhoz \ud83d\udc76\ud83d\udc68\u200d\ud83d\udc69\u200d\ud83d\udc67\u200d\ud83d\udc66. A v\u00e9d\u0151n\u0151k nemcsak tan\u00e1csot adnak \u2013 sokszor \u0151k az els\u0151 bizalmi szakemberek, akikkel egy anya, egy csal\u00e1d kapcsolatba ker\u00fcl.<\/p>\n\n\n\n<p>Ott vannak, amikor m\u00e9g senki m\u00e1s: a pozit\u00edv terhess\u00e9gi teszt ut\u00e1ni els\u0151 \u00fat gyakran hozz\u00e1juk vezet. \u0150k azok, akik elmagyar\u00e1zz\u00e1k, mire figyeljen a kismama, milyen vizsg\u00e1latokra k\u00e9sz\u00fclj\u00f6n. A baba megsz\u00fclet\u00e9se ut\u00e1n \u0151k az els\u0151k, akik a csal\u00e1d otthon\u00e1ba l\u00e9pnek \u2013 hogy megn\u00e9zz\u00e9k, minden rendben van-e, hogy megnyugtassanak, hogy elmondj\u00e1k: j\u00f3l csin\u00e1lod \ud83d\udcac\ud83e\udd0d.<\/p>\n\n\n\n<p>A v\u00e9d\u0151n\u0151 nemcsak eg\u00e9szs\u00e9g\u00fcgyi szakember, hanem lelki t\u00e1masz is. Meghallgat, egy\u00fctt\u00e9rez, b\u00e1tor\u00edt. Tudja, mikor kell besz\u00e9lni \u2013 \u00e9s mikor el\u00e9g csak ott lenni. Tudja, hogy minden csal\u00e1d m\u00e1s, minden gyermek egyedi, \u00e9s hogy egy j\u00f3 sz\u00f3 n\u00e9ha t\u00f6bbet \u00e9r minden tan\u00e1csn\u00e1l \ud83c\udf38.<\/p>\n\n\n\n<p>A mai vil\u00e1gban, ahol egyre t\u00f6bb a bizonytalans\u00e1g, \u00e9s egyre nagyobb a sz\u00fcks\u00e9g az emberi kapcsol\u00f3d\u00e1sra, a v\u00e9d\u0151n\u0151k munk\u00e1ja felbecs\u00fclhetetlen \u00e9rt\u00e9k\u0171. \u0150k azok, akik ismerik a helyi k\u00f6z\u00f6ss\u00e9geket, tudj\u00e1k, kihez kell fordulni, \u00e9s felismerik, ha egy \u00e9desanya csendes seg\u00e9lyki\u00e1lt\u00e1st k\u00fcld \ud83e\udd0d.<\/p>\n\n\n\n<p>Ez a nap r\u00f3luk sz\u00f3l \u2013 azokr\u00f3l a n\u0151kr\u0151l, akik egyszerre dolgoznak szakemberk\u00e9nt, tan\u00e1csad\u00f3k\u00e9nt, seg\u00edt\u0151k\u00e9nt \u00e9s p\u00e9ldak\u00e9pk\u00e9nt. Akik nem a reflektorf\u00e9nyben, hanem az emberek mellett vannak. Akik mosollyal, emp\u00e1ti\u00e1val \u00e9s rengeteg tud\u00e1ssal szolg\u00e1lj\u00e1k a k\u00f6z\u00f6ss\u00e9get \ud83d\ude4f\ud83d\udc63.<\/p>\n\n\n\n<p>K\u00f6sz\u00f6nj\u00fck.<\/p>\n","protected":false},"excerpt":{"rendered":"<p>J\u00fanius 13-a k\u00fcl\u00f6nleges nap Magyarorsz\u00e1gon: ma \u00fcnnepelj\u00fck a magyar v\u00e9d\u0151n\u0151ket<\/p>\n","protected":false},"author":1,"featured_media":0,"comment_status":"open","ping_status":"open","sticky":false,"template":"","format":"standard","meta":{"footnotes":""},"categories":[1],"tags":[],"class_list":["post-2392","post","type-post","status-publish","format-standard","hentry","category-uncategorized"],"_links":{"self":[{"href":"https:\/\/katolikusifjusagialapitvany.hu\/index.php?rest_route=\/wp\/v2\/posts\/2392","targetHints":{"allow":["GET"]}}],"collection":[{"href":"https:\/\/katolikusifjusagialapitvany.hu\/index.php?rest_route=\/wp\/v2\/posts"}],"about":[{"href":"https:\/\/katolikusifjusagialapitvany.hu\/index.php?rest_route=\/wp\/v2\/types\/post"}],"author":[{"embeddable":true,"href":"https:\/\/katolikusifjusagialapitvany.hu\/index.php?rest_route=\/wp\/v2\/users\/1"}],"replies":[{"embeddable":true,"href":"https:\/\/katolikusifjusagialapitvany.hu\/index.php?rest_route=%2Fwp%2Fv2%2Fcomments&post=2392"}],"version-history":[{"count":1,"href":"https:\/\/katolikusifjusagialapitvany.hu\/index.php?rest_route=\/wp\/v2\/posts\/2392\/revisions"}],"predecessor-version":[{"id":2394,"href":"https:\/\/katolikusifjusagialapitvany.hu\/index.php?rest_route=\/wp\/v2\/posts\/2392\/revisions\/2394"}],"wp:attachment":[{"href":"https:\/\/katolikusifjusagialapitvany.hu\/index.php?rest_route=%2Fwp%2Fv2%2Fmedia&parent=2392"}],"wp:term":[{"taxonomy":"category","embeddable":true,"href":"https:\/\/katolikusifjusagialapitvany.hu\/index.php?rest_route=%2Fwp%2Fv2%2Fcategories&post=2392"},{"taxonomy":"post_tag","embeddable":true,"href":"https:\/\/katolikusifjusagialapitvany.hu\/index.php?rest_route=%2Fwp%2Fv2%2Ftags&post=2392"}],"curies":[{"name":"wp","href":"https:\/\/api.w.org\/{rel}","templated":true}]}}