{"id":2395,"date":"2025-06-20T11:50:26","date_gmt":"2025-06-20T11:50:26","guid":{"rendered":"https:\/\/katolikusifjusagialapitvany.hu\/?p=2395"},"modified":"2025-06-20T17:20:37","modified_gmt":"2025-06-20T17:20:37","slug":"%f0%9f%8e%a8-palyazati-felhivas-muveszeti-rezidenciara-oromon","status":"publish","type":"post","link":"https:\/\/katolikusifjusagialapitvany.hu\/?p=2395","title":{"rendered":"\ud83c\udfa8 M\u0170V\u00c9SZTELEPI P\u00c1LY\u00c1ZAT FELH\u00cdV\u00c1S OROMON"},"content":{"rendered":"\n<figure class=\"wp-block-image size-large\"><img loading=\"lazy\" decoding=\"async\" width=\"1024\" height=\"1015\" src=\"https:\/\/katolikusifjusagialapitvany.hu\/wp-content\/uploads\/2025\/06\/IMG_6575-1024x1015.jpeg\" alt=\"\" class=\"wp-image-2396\" srcset=\"https:\/\/katolikusifjusagialapitvany.hu\/wp-content\/uploads\/2025\/06\/IMG_6575-1024x1015.jpeg 1024w, https:\/\/katolikusifjusagialapitvany.hu\/wp-content\/uploads\/2025\/06\/IMG_6575-300x297.jpeg 300w, https:\/\/katolikusifjusagialapitvany.hu\/wp-content\/uploads\/2025\/06\/IMG_6575-150x150.jpeg 150w, https:\/\/katolikusifjusagialapitvany.hu\/wp-content\/uploads\/2025\/06\/IMG_6575-768x761.jpeg 768w, https:\/\/katolikusifjusagialapitvany.hu\/wp-content\/uploads\/2025\/06\/IMG_6575.jpeg 1170w\" sizes=\"auto, (max-width: 1024px) 100vw, 1024px\" \/><figcaption class=\"wp-element-caption\">Screenshot<\/figcaption><\/figure>\n\n\n\n<p>A Wemsical Serbia Ifj\u00fas\u00e1gi \u00e9s Kultur\u00e1lis Egyes\u00fclet projektpartnereivel egy\u00fcttm\u0171k\u00f6dve m\u0171v\u00e9szeti rezidenciaprogramot hirdet a <strong>Parks4All<\/strong> projekt keret\u00e9ben, melynek c\u00e9lja a z\u00f6ld k\u00f6zterek \u00e9s parkok haszn\u00e1lata, \u00fajragondol\u00e1sa, \u00e9rtelmez\u00e9se. A projekt az <strong>Interreg VI-A IPA Magyarorsz\u00e1g\u2013Szerbia Egy\u00fcttm\u0171k\u00f6d\u00e9si Program<\/strong> t\u00e1rsfinansz\u00edroz\u00e1s\u00e1val val\u00f3sul meg.<\/p>\n\n\n\n<p>A p\u00e1ly\u00e1zat f\u0151 t\u00e9m\u00e1ja a<strong> t\u00fcntet\u00e9s<\/strong>, vagyis a b\u00e9k\u00e9s, p\u00e1rtpolitik\u00e1t\u00f3l mentes, alapvet\u0151 k\u00f6z\u00f6s \u00e9rt\u00e9keket, egyenl\u0151s\u00e9get, emberi jogokat, erk\u00f6lcsi \u00e9s etikai norm\u00e1kat k\u00e9pvisel\u0151 \u00e9s ezek\u00e9rt dolgoz\u00f3 mozgalmak t\u00e1mogat\u00e1sa, megjelen\u00edt\u00e9se, dokument\u00e1l\u00e1sa.<\/p>\n\n\n\n<p>A projekt c\u00e9lja, hogy olyan kifejez\u00e9si lehet\u0151s\u00e9get biztos\u00edtson, amely <strong>hangosabb a szavakn\u00e1l, \u00e9s l\u00e1tv\u00e1nyosabb a propagandaplak\u00e1tokn\u00e1l.<\/strong><\/p>\n\n\n\n<p>Ez a felh\u00edv\u00e1s neked sz\u00f3l, ha szeretn\u00e9d megval\u00f3s\u00edtani \u00f6tletedet Orom bar\u00e1ts\u00e1gos kis parkj\u00e1ban, a <strong>Malomfesztiv\u00e1lhoz kapcsol\u00f3dva<\/strong>.<\/p>\n\n\n\n<p><strong>Amit k\u00edn\u00e1lunk:<\/strong><\/p>\n\n\n\n<p>\u2022 <strong>500 eur\u00f3<\/strong> a kreat\u00edv munka alapvet\u0151 k\u00f6lts\u00e9geire<\/p>\n\n\n\n<p>\u2022 <strong>Napi h\u00e1rom \u00e9tkez\u00e9s<\/strong> j\u00falius 28. \u00e9s augusztus 7. k\u00f6z\u00f6tt<\/p>\n\n\n\n<p>\u2022 <strong>Kiemelked\u0151 el\u0151ad\u00f3k \u00e9s tematikus esti programok<\/strong><\/p>\n\n\n\n<p>\u2022 <strong>Bel\u00e9p\u0151 a Malomfesztiv\u00e1lra<\/strong><\/p>\n\n\n\n<p>Nincsenek technikai megk\u00f6t\u00e9seink: a m\u0171alkot\u00e1s lehet vizu\u00e1lis m\u0171, land art, install\u00e1ci\u00f3, performansz, film vagy b\u00e1rmilyen m\u00e1s forma, amely \u00e9rtelmezhet\u0151 a park\/k\u00f6zter\u00fclet \u00e9s a Malomfesztiv\u00e1l kontextus\u00e1ban.<\/p>\n\n\n\n<p><strong>Amit k\u00e9r\u00fcnk:<\/strong><\/p>\n\n\n\n<p>A m\u0171 legyen <strong>a t\u00e9m\u00e1hoz illeszked\u0151<\/strong>, <strong>vizu\u00e1lisan megragad\u00f3<\/strong>, \u00e9s <strong>alkalmas a fesztiv\u00e1l, illetve az id\u0151j\u00e1r\u00e1si k\u00f6r\u00fclm\u00e9nyek k\u00f6z\u00f6tti bemutat\u00e1sra<\/strong>.<\/p>\n\n\n\n<p><strong>Id\u0151pont: 2025. j\u00falius 28. \u2013 augusztus 10.<\/strong><\/p>\n\n\n\n<p>(R\u00f6videbb r\u00e9szv\u00e9tel is lehets\u00e9ges.)<\/p>\n\n\n\n<p><strong>Jelentkez\u00e9s felt\u00e9telei:<\/strong><\/p>\n\n\n\n<p>\u2022 <strong>Motiv\u00e1ci\u00f3s lev\u00e9l<\/strong> (maximum 1 A4 oldal, tartalmazza a p\u00e1ly\u00e1z\u00f3(k) nev\u00e9t, el\u00e9rhet\u0151s\u00e9geit, sz\u00fclet\u00e9si d\u00e1tum\u00e1t \u00e9s lak\u00f3hely\u00e9t)<\/p>\n\n\n\n<p>\u2022 <strong>Szakmai portf\u00f3li\u00f3<\/strong><\/p>\n\n\n\n<p>\u2022 <strong>Terv\/\u00f6tlet<\/strong> az elk\u00e9sz\u00edtend\u0151 vagy ott install\u00e1l\u00e1sra ker\u00fcl\u0151 alkot\u00e1sr\u00f3l<\/p>\n\n\n\n<p><strong>Jelentkez\u00e9si hat\u00e1rid\u0151: 2025. j\u00fanius 30. 23:59:59<\/strong><\/p>\n\n\n\n<p>Az eredm\u00e9nyek kihirdet\u00e9s\u00e9nek hat\u00e1rideje: 2025. j\u00falius 5.<\/p>\n\n\n\n<p>A jelentkez\u00e9seket az al\u00e1bbi e-mail c\u00edmre v\u00e1rjuk: <strong>onyaolahdora@gmail.com<\/strong><\/p>\n\n\n\n<p><strong>Kik jelentkezhetnek?<\/strong><\/p>\n\n\n\n<p>A p\u00e1ly\u00e1zat nyitott minden <strong>36 \u00e9v alatti term\u00e9szetes szem\u00e9ly vagy alkot\u00f3csoport<\/strong> sz\u00e1m\u00e1ra, akik f\u00fcggetlen, professzion\u00e1lis vagy f\u00e9lprofesszion\u00e1lis alkot\u00f3k.<\/p>\n\n\n\n<p>Legfeljebb <strong>3 f\u0151s alkot\u00f3csoportok<\/strong> jelentkez\u00e9s\u00e9t fogadjuk, <strong>az \u00e1tlag\u00e9letkor nem haladhatja meg a 36 \u00e9vet<\/strong>. A csoportok magyar \u00e9s\/vagy szerb r\u00e9sztvev\u0151kb\u0151l is \u00e1llhatnak.<\/p>\n\n\n\n<p>A r\u00e9szv\u00e9tel <strong>\u00f6n\u00e1ll\u00f3 munk\u00e1n alapul<\/strong> (technikai seg\u00edt\u0151k, mentorok, szakemberek nem biztos\u00edtottak \u2013 b\u00e1r ig\u00e9ny eset\u00e9n lehet\u0151s\u00e9g ny\u00edlhat r\u00e1juk).<\/p>\n\n\n\n<p>A m\u0171helymunka <strong>munkanyelve az angol<\/strong>.<\/p>\n\n\n\n<p>A jelentkez\u00e9ssel a p\u00e1ly\u00e1z\u00f3k v\u00e1llalj\u00e1k, hogy a terv\u00fcket a legjobb tud\u00e1suk szerint megval\u00f3s\u00edtj\u00e1k, az install\u00e1ci\u00f3t <strong>legk\u00e9s\u0151bb 2025. augusztus 6-\u00e1n 14:00-ig<\/strong> fel\u00e1ll\u00edtj\u00e1k, bemutatj\u00e1k a Malomfesztiv\u00e1lon, \u00e9s felel\u0151ss\u00e9get v\u00e1llalnak \u00e9rte.<\/p>\n\n\n\n<p>This project is realized with the financial assistance of the European Union through the Interreg VI-A IPA Hungary-Serbia programme. The content of this text is the sole responsibility of Catholic Youth Foundation and can under no circumstances be regarded as reflecting the position of the European Union and\/or the Managing Authority of the Programme. The project partners are: Cinema City (Srb, Lead partner), Novi Sad 2022 European Capital of Culture Foundation (Srb), Youth and Cultural Association Wemsical Serbia (Srb), DDTG Nonprofit Ltd. (Hu) ,Catholic Youth Foundation (Hu) and Millenniumi K\u00e1v\u00e9h\u00e1z \u00e9s Klub, Szeged.<\/p>\n\n\n\n<h1 class=\"wp-block-heading\">Interreg #HungarySerbia #husrb #Parks4All #Hungary #Serbia #CinemaCity #NoviSad2022 #WemsicalSerbiaYouthAssociation #Wemsical #DDTG #CatholicYouthFoundation<\/h1>\n","protected":false},"excerpt":{"rendered":"<p>A Wemsical Serbia Ifj\u00fas\u00e1gi \u00e9s Kultur\u00e1lis Egyes\u00fclet projektpartnereivel egy\u00fcttm\u0171k\u00f6dve m\u0171v\u00e9szeti<\/p>\n","protected":false},"author":1,"featured_media":0,"comment_status":"open","ping_status":"open","sticky":false,"template":"","format":"standard","meta":{"footnotes":""},"categories":[1],"tags":[],"class_list":["post-2395","post","type-post","status-publish","format-standard","hentry","category-uncategorized"],"_links":{"self":[{"href":"https:\/\/katolikusifjusagialapitvany.hu\/index.php?rest_route=\/wp\/v2\/posts\/2395","targetHints":{"allow":["GET"]}}],"collection":[{"href":"https:\/\/katolikusifjusagialapitvany.hu\/index.php?rest_route=\/wp\/v2\/posts"}],"about":[{"href":"https:\/\/katolikusifjusagialapitvany.hu\/index.php?rest_route=\/wp\/v2\/types\/post"}],"author":[{"embeddable":true,"href":"https:\/\/katolikusifjusagialapitvany.hu\/index.php?rest_route=\/wp\/v2\/users\/1"}],"replies":[{"embeddable":true,"href":"https:\/\/katolikusifjusagialapitvany.hu\/index.php?rest_route=%2Fwp%2Fv2%2Fcomments&post=2395"}],"version-history":[{"count":2,"href":"https:\/\/katolikusifjusagialapitvany.hu\/index.php?rest_route=\/wp\/v2\/posts\/2395\/revisions"}],"predecessor-version":[{"id":2399,"href":"https:\/\/katolikusifjusagialapitvany.hu\/index.php?rest_route=\/wp\/v2\/posts\/2395\/revisions\/2399"}],"wp:attachment":[{"href":"https:\/\/katolikusifjusagialapitvany.hu\/index.php?rest_route=%2Fwp%2Fv2%2Fmedia&parent=2395"}],"wp:term":[{"taxonomy":"category","embeddable":true,"href":"https:\/\/katolikusifjusagialapitvany.hu\/index.php?rest_route=%2Fwp%2Fv2%2Fcategories&post=2395"},{"taxonomy":"post_tag","embeddable":true,"href":"https:\/\/katolikusifjusagialapitvany.hu\/index.php?rest_route=%2Fwp%2Fv2%2Ftags&post=2395"}],"curies":[{"name":"wp","href":"https:\/\/api.w.org\/{rel}","templated":true}]}}