{"id":2638,"date":"2026-02-22T15:42:44","date_gmt":"2026-02-22T15:42:44","guid":{"rendered":"https:\/\/katolikusifjusagialapitvany.hu\/?p=2638"},"modified":"2026-04-22T15:48:53","modified_gmt":"2026-04-22T15:48:53","slug":"a-stand-up-for-europe-projekt-kiadvanyai","status":"publish","type":"post","link":"https:\/\/katolikusifjusagialapitvany.hu\/?p=2638","title":{"rendered":"A Stand Up for Europe projekt kiadv\u00e1nyai"},"content":{"rendered":"\n<p>\u00d6r\u00f6mmel t\u00e1j\u00e9koztatjuk az \u00e9rdekl\u0151d\u0151ket, hogy a <strong>Stand Up for Europe<\/strong> Erasmus+ projekt keret\u00e9ben elk\u00e9sz\u00fclt szakmai kiadv\u00e1nyok \u00e9s tananyagok <strong>angol \u00e9s magyar nyelven is hozz\u00e1f\u00e9rhet\u0151k<\/strong>. A projekt c\u00e9lja olyan innovat\u00edv m\u00f3dszerek \u00e9s eszk\u00f6z\u00f6k fejleszt\u00e9se volt, amelyek t\u00e1mogatj\u00e1k a fiatalokat \u00e9s az ifj\u00fas\u00e1gi szakembereket a demokratikus \u00e9rt\u00e9kek meger\u0151s\u00edt\u00e9s\u00e9ben, a kritikai gondolkod\u00e1s fejleszt\u00e9s\u00e9ben, valamint az antidemokratikus narrat\u00edv\u00e1k felismer\u00e9s\u00e9ben \u00e9s kezel\u00e9s\u00e9ben.<\/p>\n\n\n\n<p>A projekt az <strong>Erasmus+ KA220-YOU Cooperation Partnerships in Youth<\/strong> program t\u00e1mogat\u00e1s\u00e1val val\u00f3sult meg.<\/p>\n\n\n\n<p><strong>Projektazonos\u00edt\u00f3:<\/strong> <strong>2023-2-DE04-KA220-YOU-000175190<\/strong><\/p>\n\n\n\n<h3 class=\"wp-block-heading\">El\u00e9rhet\u0151 kiadv\u00e1nyok:<\/h3>\n\n\n\n<ul class=\"wp-block-list\">\n<li><strong>Training Manual on Fostering Democracy in Europe \u2013 Volume 1<\/strong><br>Demokratikus r\u00e9szv\u00e9telt \u00e9s akt\u00edv \u00e1llampolg\u00e1rs\u00e1got t\u00e1mogat\u00f3 k\u00e9pz\u00e9si k\u00e9zik\u00f6nyv.<\/li>\n\n\n\n<li><strong>Exchange and Best Practices \u2013 National Reports<\/strong><br>Orsz\u00e1gjelent\u00e9sek \u00e9s j\u00f3 gyakorlatok gy\u0171jtem\u00e9nye a partnerorsz\u00e1gok tapasztalataival.<br>(el\u00e9rhet\u0151 magyar nemzeti jelent\u00e9s is)<\/li>\n\n\n\n<li><strong>H\u00edrlevelek (Project Newsletters<\/strong>)<br>A projekt el\u0151rehalad\u00e1s\u00e1t, esem\u00e9nyeit \u00e9s eredm\u00e9nyeit bemutat\u00f3 h\u00edrlevelek.<\/li>\n\n\n\n<li><strong>Learning Scenarios and Educational Resources<\/strong><br>Fiatalokkal dolgoz\u00f3 szakemberek sz\u00e1m\u00e1ra k\u00e9sz\u00fclt gyakorlati m\u00f3dszertani anyagok \u00e9s tanul\u00e1si forgat\u00f3k\u00f6nyvek.<\/li>\n<\/ul>\n\n\n\n<h3 class=\"wp-block-heading\">Hol \u00e9rhet\u0151k el?<\/h3>\n\n\n\n<p>A kiadv\u00e1nyok \u00e9s tov\u00e1bbi projektanyagok a hivatalos projektoldalon tal\u00e1lhat\u00f3k:<\/p>\n\n\n\n<p><a href=\"https:\/\/www.standup4.eu\/?utm_source=chatgpt.com\">Stand Up for Europe hivatalos weboldal<\/a><\/p>\n\n\n\n<h3 class=\"wp-block-heading\">Mi\u00e9rt \u00e9rdemes megismerni ezeket az anyagokat?<\/h3>\n\n\n\n<p>A kiadv\u00e1nyok hasznos seg\u00edts\u00e9get ny\u00fajtanak:<\/p>\n\n\n\n<ul class=\"wp-block-list\">\n<li>ifj\u00fas\u00e1gi szakembereknek,<\/li>\n\n\n\n<li>pedag\u00f3gusoknak,<\/li>\n\n\n\n<li>civil szervezeteknek,<\/li>\n\n\n\n<li>k\u00f6z\u00f6ss\u00e9gi vezet\u0151knek,<\/li>\n\n\n\n<li>valamint minden fiatalnak, aki akt\u00edvan szeretne r\u00e9szt venni a demokratikus k\u00f6z\u00e9letben.<\/li>\n<\/ul>\n\n\n\n<p>A Katolikus Ifj\u00fas\u00e1gi Alap\u00edtv\u00e1ny partnerk\u00e9nt b\u00fcszke arra, hogy hozz\u00e1j\u00e1rulhatott ezen nemzetk\u00f6zi szakmai anyagok l\u00e9trej\u00f6tt\u00e9hez \u00e9s magyar nyelv\u0171 el\u00e9rhet\u0151s\u00e9g\u00e9hez.<\/p>\n\n\n\n<div data-wp-interactive=\"core\/file\" class=\"wp-block-file\"><object data-wp-bind--hidden=\"!state.hasPdfPreview\" hidden class=\"wp-block-file__embed\" data=\"https:\/\/katolikusifjusagialapitvany.hu\/wp-content\/uploads\/2026\/04\/Stand-Up-for-Europe-WP2-Exchange-and-Best-Practices-Final-Version_Hungarian.pdf\" type=\"application\/pdf\" style=\"width:100%;height:600px\" aria-label=\"Stand-Up-for-Europe-WP2-Exchange-and-Best-Practices-Final-Version_Hungarian be\u00e1gyaz\u00e1sa\"><\/object><a id=\"wp-block-file--media-7cf0b278-26ed-456d-b2fb-92b7d2c1a7d8\" href=\"https:\/\/katolikusifjusagialapitvany.hu\/wp-content\/uploads\/2026\/04\/Stand-Up-for-Europe-WP2-Exchange-and-Best-Practices-Final-Version_Hungarian.pdf\">Stand-Up-for-Europe-WP2-Exchange-and-Best-Practices-Final-Version_Hungarian<\/a><a href=\"https:\/\/katolikusifjusagialapitvany.hu\/wp-content\/uploads\/2026\/04\/Stand-Up-for-Europe-WP2-Exchange-and-Best-Practices-Final-Version_Hungarian.pdf\" class=\"wp-block-file__button wp-element-button\" download aria-describedby=\"wp-block-file--media-7cf0b278-26ed-456d-b2fb-92b7d2c1a7d8\">Let\u00f6lt\u00e9s<\/a><\/div>\n\n\n\n<div data-wp-interactive=\"core\/file\" class=\"wp-block-file\"><object data-wp-bind--hidden=\"!state.hasPdfPreview\" hidden class=\"wp-block-file__embed\" data=\"https:\/\/katolikusifjusagialapitvany.hu\/wp-content\/uploads\/2026\/04\/StandEU-masolat-Kezikonyv_highquality-2.pdf\" type=\"application\/pdf\" style=\"width:100%;height:600px\" aria-label=\"StandEU-masolat-Kezikonyv_highquality-2 be\u00e1gyaz\u00e1sa\"><\/object><a id=\"wp-block-file--media-9927040e-7ae3-4ab9-b558-7ad8e30a6507\" href=\"https:\/\/katolikusifjusagialapitvany.hu\/wp-content\/uploads\/2026\/04\/StandEU-masolat-Kezikonyv_highquality-2.pdf\">StandEU-masolat-Kezikonyv_highquality-2<\/a><a href=\"https:\/\/katolikusifjusagialapitvany.hu\/wp-content\/uploads\/2026\/04\/StandEU-masolat-Kezikonyv_highquality-2.pdf\" class=\"wp-block-file__button wp-element-button\" download aria-describedby=\"wp-block-file--media-9927040e-7ae3-4ab9-b558-7ad8e30a6507\">Let\u00f6lt\u00e9s<\/a><\/div>\n\n\n\n<div data-wp-interactive=\"core\/file\" class=\"wp-block-file\"><object data-wp-bind--hidden=\"!state.hasPdfPreview\" hidden class=\"wp-block-file__embed\" data=\"https:\/\/katolikusifjusagialapitvany.hu\/wp-content\/uploads\/2026\/04\/VOLUME-2_final_Hungarian-version.pdf\" type=\"application\/pdf\" style=\"width:100%;height:600px\" aria-label=\"VOLUME-2_final_Hungarian-version be\u00e1gyaz\u00e1sa\"><\/object><a id=\"wp-block-file--media-f9cc98cd-90aa-4e1d-b104-4311bfa07cc8\" href=\"https:\/\/katolikusifjusagialapitvany.hu\/wp-content\/uploads\/2026\/04\/VOLUME-2_final_Hungarian-version.pdf\">VOLUME-2_final_Hungarian-version<\/a><a href=\"https:\/\/katolikusifjusagialapitvany.hu\/wp-content\/uploads\/2026\/04\/VOLUME-2_final_Hungarian-version.pdf\" class=\"wp-block-file__button wp-element-button\" download aria-describedby=\"wp-block-file--media-f9cc98cd-90aa-4e1d-b104-4311bfa07cc8\">Let\u00f6lt\u00e9s<\/a><\/div>\n","protected":false},"excerpt":{"rendered":"<p>\u00d6r\u00f6mmel t\u00e1j\u00e9koztatjuk az \u00e9rdekl\u0151d\u0151ket, hogy a Stand Up for Europe<\/p>\n","protected":false},"author":1,"featured_media":0,"comment_status":"open","ping_status":"open","sticky":false,"template":"","format":"standard","meta":{"footnotes":""},"categories":[1],"tags":[],"class_list":["post-2638","post","type-post","status-publish","format-standard","hentry","category-uncategorized"],"_links":{"self":[{"href":"https:\/\/katolikusifjusagialapitvany.hu\/index.php?rest_route=\/wp\/v2\/posts\/2638","targetHints":{"allow":["GET"]}}],"collection":[{"href":"https:\/\/katolikusifjusagialapitvany.hu\/index.php?rest_route=\/wp\/v2\/posts"}],"about":[{"href":"https:\/\/katolikusifjusagialapitvany.hu\/index.php?rest_route=\/wp\/v2\/types\/post"}],"author":[{"embeddable":true,"href":"https:\/\/katolikusifjusagialapitvany.hu\/index.php?rest_route=\/wp\/v2\/users\/1"}],"replies":[{"embeddable":true,"href":"https:\/\/katolikusifjusagialapitvany.hu\/index.php?rest_route=%2Fwp%2Fv2%2Fcomments&post=2638"}],"version-history":[{"count":1,"href":"https:\/\/katolikusifjusagialapitvany.hu\/index.php?rest_route=\/wp\/v2\/posts\/2638\/revisions"}],"predecessor-version":[{"id":2643,"href":"https:\/\/katolikusifjusagialapitvany.hu\/index.php?rest_route=\/wp\/v2\/posts\/2638\/revisions\/2643"}],"wp:attachment":[{"href":"https:\/\/katolikusifjusagialapitvany.hu\/index.php?rest_route=%2Fwp%2Fv2%2Fmedia&parent=2638"}],"wp:term":[{"taxonomy":"category","embeddable":true,"href":"https:\/\/katolikusifjusagialapitvany.hu\/index.php?rest_route=%2Fwp%2Fv2%2Fcategories&post=2638"},{"taxonomy":"post_tag","embeddable":true,"href":"https:\/\/katolikusifjusagialapitvany.hu\/index.php?rest_route=%2Fwp%2Fv2%2Ftags&post=2638"}],"curies":[{"name":"wp","href":"https:\/\/api.w.org\/{rel}","templated":true}]}}